{"id":13161,"date":"2025-06-17T16:54:29","date_gmt":"2025-06-17T19:54:29","guid":{"rendered":"https:\/\/cidadebaixaonline.com.br\/?p=13161"},"modified":"2025-06-17T16:54:29","modified_gmt":"2025-06-17T19:54:29","slug":"sao-joao-2025-setre-promove-acoes-para-catadores-ambulantes-e-artesaos","status":"publish","type":"post","link":"https:\/\/cidadebaixaonline.com.br\/index.php\/2025\/06\/17\/sao-joao-2025-setre-promove-acoes-para-catadores-ambulantes-e-artesaos\/","title":{"rendered":"S\u00e3o Jo\u00e3o 2025: Setre promove a\u00e7\u00f5es para catadores, ambulantes e artes\u00e3os"},"content":{"rendered":"<p>Catadores (as) de material recicl\u00e1vel, ambulantes e artes\u00e3os(\u00e3s) ser\u00e3o beneficiados com a\u00e7\u00f5es promovidas pela Secretaria do Trabalho, Emprego, Renda e Esporte (Setre) durante o S\u00e3o Jo\u00e3o da Bahia 2025, que acontece em Salvador entre os dias 18 e 23 de junho, no Parque de Exposi\u00e7\u00f5es da Bahia, Paripe e no Pelourinho. No caso dos catadores, a a\u00e7\u00e3o se estende a outros 13 munic\u00edpios onde ocorrem festejos juninos.<\/p>\n<p>O objetivo \u00e9 dar visibilidade e condi\u00e7\u00f5es dignas de trabalho \u00e0s categorias, al\u00e9m de possibilitar a gera\u00e7\u00e3o de renda justa durante a festa.<\/p>\n<p>Ser\u00e3o 3.566 catadores e catadoras de res\u00edduos s\u00f3lidos atuando nos festejos juninos. Similar \u00e0s a\u00e7\u00f5es que ocorrem durante o Carnaval, os trabalhadores contar\u00e3o com Centrais de Apoio ao Catador, geridas por 11 cooperativas de reciclagem que compram o material coletado, praticando pre\u00e7os justos. O investimento da Setre ser\u00e1 de quase R$ 1 milh\u00e3o e os catadores receber\u00e3o fardamento, \u00e1gua e Equipamentos de Prote\u00e7\u00e3o Individual (botas e luvas).<\/p>\n<p>A a\u00e7\u00e3o ocorre em Salvador, Barreiras, Itaet\u00ea, Castro Alves, Cruz das Almas, Santo Ant\u00f4nio de Jesus, Jequi\u00e9, Lauro de Freitas, Cama\u00e7ari, Ilh\u00e9us, Itabuna, Senhor do Bonfim, Porto Seguro e Eun\u00e1polis. Em 2024, as centrais recolheram mais de 12 toneladas de materiais recicl\u00e1veis no S\u00e3o Jo\u00e3o na capital e no interior. Do total, mais de nove toneladas (9.164,75 kg) foram coletadas s\u00f3 em Salvador.<\/p>\n<p><strong>\u00a0Ambulantes &#8211;<\/strong>\u00a0Um total de 475 trabalhadores entre as ambulantes, barraqueiros, baianas de acaraj\u00e9, carrinho de alimentos e baleiros, cadastrados por meio do SineBahia Casa do Trabalhador, estar\u00e3o comercializando seus produtos durante os dias de evento no Parque de Exposi\u00e7\u00f5es. S\u00e3o 300 ambulantes de bebidas (e ajudante); 15 baleiros (as); 60 vendedores em carrinho de alimenta\u00e7\u00e3o (e ajudante); e 10 baianas de acaraj\u00e9 (com dois ajudantes).<\/p>\n<p>Vendedores de bebida ter\u00e3o direito a um isopor (cedido pela Itaipava) e, al\u00e9m disso, tanto ambulantes quanto barraqueiros receber\u00e3o pulseiras de identifica\u00e7\u00e3o diariamente, coletes e crach\u00e1.<\/p>\n<p><strong>Artesanato &#8211;\u00a0<\/strong>Quem for curtir o forr\u00f3 no Parque de Exposi\u00e7\u00f5es poder\u00e1 visitar o &#8216;Espa\u00e7o Artesanato da Bahia no S\u00e3o Jo\u00e3o&#8217;, decorado pela arquiteta Ana Kalil, onde ser\u00e3o expostos e comercializados objetos artesanais, com espa\u00e7o instagram\u00e1vel. Al\u00e9m disso, os artistas que se apresentarem na festa receber\u00e3o, cada um, uma pe\u00e7a do Artesanato da Bahia.<\/p>\n<p>O espa\u00e7o acaba sendo, ainda, um ponto de encontro de artes\u00e3os e dos amantes da produ\u00e7\u00e3o desses art\u00edfices vindos das diferentes regi\u00f5es do estado, al\u00e9m de gerar renda para a categoria. A a\u00e7\u00e3o \u00e9 uma iniciativa da \u00a0Setre em parceria com a Superintend\u00eancia de Fomento ao Turismo do Estado da Bahia (Sufotur).<\/p>\n","protected":false},"excerpt":{"rendered":"<p>Catadores (as) de material recicl\u00e1vel, ambulantes e artes\u00e3os(\u00e3s) ser\u00e3o beneficiados com a\u00e7\u00f5es promovidas pela Secretaria do Trabalho, Emprego, Renda e Esporte (Setre) durante o S\u00e3o Jo\u00e3o da Bahia 2025, que acontece em Salvador entre os dias 18 e 23 de junho, no Parque de Exposi\u00e7\u00f5es da Bahia, Paripe e no Pelourinho. No caso dos catadores, [&hellip;]<\/p>\n","protected":false},"author":1,"featured_media":13163,"comment_status":"open","ping_status":"closed","sticky":false,"template":"","format":"standard","meta":{"jnews-multi-image_gallery":[],"jnews_single_post":[],"jnews_primary_category":[],"footnotes":""},"categories":[85],"tags":[],"class_list":["post-13161","post","type-post","status-publish","format-standard","has-post-thumbnail","hentry","category-noticias"],"_links":{"self":[{"href":"https:\/\/cidadebaixaonline.com.br\/index.php\/wp-json\/wp\/v2\/posts\/13161","targetHints":{"allow":["GET"]}}],"collection":[{"href":"https:\/\/cidadebaixaonline.com.br\/index.php\/wp-json\/wp\/v2\/posts"}],"about":[{"href":"https:\/\/cidadebaixaonline.com.br\/index.php\/wp-json\/wp\/v2\/types\/post"}],"author":[{"embeddable":true,"href":"https:\/\/cidadebaixaonline.com.br\/index.php\/wp-json\/wp\/v2\/users\/1"}],"replies":[{"embeddable":true,"href":"https:\/\/cidadebaixaonline.com.br\/index.php\/wp-json\/wp\/v2\/comments?post=13161"}],"version-history":[{"count":1,"href":"https:\/\/cidadebaixaonline.com.br\/index.php\/wp-json\/wp\/v2\/posts\/13161\/revisions"}],"predecessor-version":[{"id":13162,"href":"https:\/\/cidadebaixaonline.com.br\/index.php\/wp-json\/wp\/v2\/posts\/13161\/revisions\/13162"}],"wp:featuredmedia":[{"embeddable":true,"href":"https:\/\/cidadebaixaonline.com.br\/index.php\/wp-json\/wp\/v2\/media\/13163"}],"wp:attachment":[{"href":"https:\/\/cidadebaixaonline.com.br\/index.php\/wp-json\/wp\/v2\/media?parent=13161"}],"wp:term":[{"taxonomy":"category","embeddable":true,"href":"https:\/\/cidadebaixaonline.com.br\/index.php\/wp-json\/wp\/v2\/categories?post=13161"},{"taxonomy":"post_tag","embeddable":true,"href":"https:\/\/cidadebaixaonline.com.br\/index.php\/wp-json\/wp\/v2\/tags?post=13161"}],"curies":[{"name":"wp","href":"https:\/\/api.w.org\/{rel}","templated":true}]}}