{"id":13155,"date":"2025-06-17T14:20:26","date_gmt":"2025-06-17T17:20:26","guid":{"rendered":"https:\/\/cidadebaixaonline.com.br\/?p=13155"},"modified":"2025-06-17T14:20:27","modified_gmt":"2025-06-17T17:20:27","slug":"imovel-de-tres-andares-desaba-no-uruguai-e-gato-e-resgatado-dos-escombros","status":"publish","type":"post","link":"https:\/\/cidadebaixaonline.com.br\/index.php\/2025\/06\/17\/imovel-de-tres-andares-desaba-no-uruguai-e-gato-e-resgatado-dos-escombros\/","title":{"rendered":"Im\u00f3vel de tr\u00eas andares desaba no Uruguai e gato \u00e9 resgatado dos escombros"},"content":{"rendered":"<p>Um pr\u00e9dio de tr\u00eas andares desabou na noite de segunda-feira (16) no bairro do Uruguai, em Salvador. Ningu\u00e9m ficou ferido. O gato da fam\u00edlia, chamado Golfinho, foi encontrado com vida em meio aos escombros.<\/p>\n<p>De acordo com moradores, o im\u00f3vel come\u00e7ou a apresentar estalos durante a tarde. O desabamento ocorreu por volta das 23h30. \u201cEstava em casa e a vizinha me informou que tinha ouvido estalos. Eu e minha companheira t\u00ednhamos ouvido tamb\u00e9m, ent\u00e3o foi uma oportunidade de sair antes que o pior acontecesse\u201d, relatou Ces\u00ednio dos Santos, morador do pr\u00e9dio.<\/p>\n<p>O edif\u00edcio tinha dois apartamentos, ocupados por membros da mesma fam\u00edlia, al\u00e9m de tr\u00eas estabelecimentos comerciais: uma lanchonete, uma marcenaria e um ferro-velho. Todos foram destru\u00eddos.<\/p>\n<p>Segundo a Defesa Civil de Salvador (Codesal), o pr\u00e9dio apresentava irregularidades, como constru\u00e7\u00e3o sem acompanhamento t\u00e9cnico de profissionais credenciados pelo Conselho Regional de Engenharia e Agronomia da Bahia (Crea). A Codesal tamb\u00e9m apontou excesso de carga no im\u00f3vel, devido ao ac\u00famulo de materiais recicl\u00e1veis levados por um dos moradores.<\/p>\n<p>O \u00f3rg\u00e3o interditou a \u00e1rea e segue monitorando o local.<\/p>\n","protected":false},"excerpt":{"rendered":"<p>Um pr\u00e9dio de tr\u00eas andares desabou na noite de segunda-feira (16) no bairro do Uruguai, em Salvador. Ningu\u00e9m ficou ferido. O gato da fam\u00edlia, chamado Golfinho, foi encontrado com vida em meio aos escombros. De acordo com moradores, o im\u00f3vel come\u00e7ou a apresentar estalos durante a tarde. O desabamento ocorreu por volta das 23h30. \u201cEstava [&hellip;]<\/p>\n","protected":false},"author":1,"featured_media":13157,"comment_status":"open","ping_status":"closed","sticky":false,"template":"","format":"standard","meta":{"jnews-multi-image_gallery":[],"jnews_single_post":[],"jnews_primary_category":[],"footnotes":""},"categories":[85],"tags":[],"class_list":["post-13155","post","type-post","status-publish","format-standard","has-post-thumbnail","hentry","category-noticias"],"_links":{"self":[{"href":"https:\/\/cidadebaixaonline.com.br\/index.php\/wp-json\/wp\/v2\/posts\/13155","targetHints":{"allow":["GET"]}}],"collection":[{"href":"https:\/\/cidadebaixaonline.com.br\/index.php\/wp-json\/wp\/v2\/posts"}],"about":[{"href":"https:\/\/cidadebaixaonline.com.br\/index.php\/wp-json\/wp\/v2\/types\/post"}],"author":[{"embeddable":true,"href":"https:\/\/cidadebaixaonline.com.br\/index.php\/wp-json\/wp\/v2\/users\/1"}],"replies":[{"embeddable":true,"href":"https:\/\/cidadebaixaonline.com.br\/index.php\/wp-json\/wp\/v2\/comments?post=13155"}],"version-history":[{"count":1,"href":"https:\/\/cidadebaixaonline.com.br\/index.php\/wp-json\/wp\/v2\/posts\/13155\/revisions"}],"predecessor-version":[{"id":13156,"href":"https:\/\/cidadebaixaonline.com.br\/index.php\/wp-json\/wp\/v2\/posts\/13155\/revisions\/13156"}],"wp:featuredmedia":[{"embeddable":true,"href":"https:\/\/cidadebaixaonline.com.br\/index.php\/wp-json\/wp\/v2\/media\/13157"}],"wp:attachment":[{"href":"https:\/\/cidadebaixaonline.com.br\/index.php\/wp-json\/wp\/v2\/media?parent=13155"}],"wp:term":[{"taxonomy":"category","embeddable":true,"href":"https:\/\/cidadebaixaonline.com.br\/index.php\/wp-json\/wp\/v2\/categories?post=13155"},{"taxonomy":"post_tag","embeddable":true,"href":"https:\/\/cidadebaixaonline.com.br\/index.php\/wp-json\/wp\/v2\/tags?post=13155"}],"curies":[{"name":"wp","href":"https:\/\/api.w.org\/{rel}","templated":true}]}}