{"id":13140,"date":"2025-06-13T20:47:49","date_gmt":"2025-06-13T23:47:49","guid":{"rendered":"https:\/\/cidadebaixaonline.com.br\/?p=13140"},"modified":"2025-06-13T20:47:50","modified_gmt":"2025-06-13T23:47:50","slug":"hub-salvador-lanca-programa-de-inovacao-aberta-na-proxima-segunda-feira-16","status":"publish","type":"post","link":"https:\/\/cidadebaixaonline.com.br\/index.php\/2025\/06\/13\/hub-salvador-lanca-programa-de-inovacao-aberta-na-proxima-segunda-feira-16\/","title":{"rendered":"Hub Salvador lan\u00e7a Programa de Inova\u00e7\u00e3o Aberta na pr\u00f3xima segunda-feira (16)"},"content":{"rendered":"<p>Na pr\u00f3xima segunda-feira (16), o Hub Salvador lan\u00e7a o Programa de Inova\u00e7\u00e3o Aberta, uma iniciativa que visa promover parcerias estrat\u00e9gicas entre empresas, setor p\u00fablico, organiza\u00e7\u00f5es de fomento, startups e centros de pesquisa.<\/p>\n<p>A a\u00e7\u00e3o ocorrer\u00e1 durante o evento \u201cConex\u00f5es que Inovam\u201d, com in\u00edcio \u00e0s 14h, na sede do Hub Salvador, na Avenida da Fran\u00e7a, 393, no Com\u00e9rcio, e vai reunir representantes de empresas, startups, universidades, setor p\u00fablico e demais agentes interessados em inova\u00e7\u00e3o colaborativa.<\/p>\n<p>O objetivo do programa \u00e9 estimular o uso de metodologias colaborativas na solu\u00e7\u00e3o de desafios reais do mercado, impulsionando o desenvolvimento de solu\u00e7\u00f5es inovadoras com impacto coletivo.<\/p>\n<p>Na ocasi\u00e3o, ser\u00e1 apresentada a Plataforma Redes, uma ferramenta digital desenvolvida para aproximar os diversos agentes do ecossistema, promovendo colabora\u00e7\u00e3o e compartilhamento de projetos e desafios.<\/p>\n<p>Cedido pela Prefeitura de Salvador, atrav\u00e9s da Secretaria Municipal de Inova\u00e7\u00e3o e Tecnologia (Semit), e sob a gest\u00e3o do Centro de Pesquisa, Desenvolvimento Tecnol\u00f3gico e Inova\u00e7\u00e3o (Cepedi), o Hub Salvador \u00e9 um ambiente catalisador e facilitador de conex\u00f5es, que busca impulsionar a inova\u00e7\u00e3o no ecossistema de inova\u00e7\u00e3o e empreendedorismo de Salvador e RMS.<\/p>\n<p>De acordo com o diretor de Inova\u00e7\u00e3o da Semit, Luis Gaban, o Programa de Inova\u00e7\u00e3o Aberta implantado no novo modelo de neg\u00f3cio do Hub representa a colabora\u00e7\u00e3o atrav\u00e9s da abertura das fronteiras das organiza\u00e7\u00f5es.<\/p>\n<p>\u201cAo incorporar a colabora\u00e7\u00e3o em seu cerne, a Semit, como mantenedora e gestora do Hub Salvador, apoia um modelo de neg\u00f3cio para navegar pelas mudan\u00e7as constantes e para prosperar em uma era de complexidade. O Programa vai alavancar o uso de ideias internas e externas nos processos de inova\u00e7\u00e3o e gerar valor compartilhado visando promover o crescimento do ecossistema de Salvador\u201d, considera Gaban.<\/p>\n<p>\u201cO lan\u00e7amento do Programa de Inova\u00e7\u00e3o Aberta marca uma nova fase de entregas do Hub para o ecossistema da capital baiana. Com essa iniciativa, o Hub Salvador reafirma seu compromisso com a constru\u00e7\u00e3o de uma cultura de inova\u00e7\u00e3o aberta e colaborativa, reconhecendo o protagonismo das micro e pequenas empresas nesse processo \u2014 especialmente no m\u00eas em que se comemora o Dia Nacional das MPMEs Inovadoras, em 27 de junho\u201d, resume o CEO e coordenador executivo do Hub Salvador, Antonio Rocha.<\/p>\n<p><strong>Programa\u00e7\u00e3o<\/strong><\/p>\n<p>A programa\u00e7\u00e3o ter\u00e1 in\u00edcio com a palestra \u201cInova\u00e7\u00e3o Aberta na Pr\u00e1tica: Parcerias que Movem o Mercado\u201d, ministrada por Andreza Rocha, que abordar\u00e1 como empresas e startups podem cocriar solu\u00e7\u00f5es, destacando exemplos reais e o potencial transformador das parcerias no mercado.<\/p>\n<p>Andreza \u00e9 fundadora e diretora executiva da AfrOya Tech Hub, \u00e9 considerada uma das personalidades negras mais influentes da Lusofonia pela Bantumen\/Powerlist e reconhecida como Linkedin Top Voice em Intelig\u00eancia Artificial 2023.<\/p>\n<p>\u00c0s 15h, o talk de C\u00e1ssio Rodrigues Juvenal e Douglas Freitas Costa, \u201cFomentos e Financiamentos: Oportunidades para MPMEs que Inovam\u201d, apresentar\u00e1 uma vis\u00e3o geral sobre pol\u00edticas p\u00fablicas e editais de fomento, al\u00e9m de linhas de financiamento voltadas para micro e pequenas empresas que atuam com inova\u00e7\u00e3o.<\/p>\n<p>Juvenal \u00e9 formado em Administra\u00e7\u00e3o, com MBA em Gest\u00e3o de Projetos; j\u00e1 atuou como Agente aut\u00f4nomo de investimos na B3. Atualmente, atua como Gerente de Produtos e Servi\u00e7os no Hubine \u2013 Hub de Inova\u00e7\u00e3o do Banco do Nordeste do Brasil, respons\u00e1vel pela an\u00e1lise dos projetos de inova\u00e7\u00e3o financiados pelo banco.<\/p>\n<p>Costa \u00e9 analista regional respons\u00e1vel pelas a\u00e7\u00f5es de fomento e rela\u00e7\u00f5es institucionais da Finep no escrit\u00f3rio Nordeste e Bahia. Advogado e contador, tem especializa\u00e7\u00f5es na \u00e1rea jur\u00eddica e financeira; e experi\u00eancia na Finep desde 2012, sempre atuando na \u00e1rea de acompanhamento, execu\u00e7\u00e3o e ger\u00eancia de projetos, tanto financeiramente quanto tecnicamente.<\/p>\n<p>Logo ap\u00f3s, \u00e0s 15h45, acontece o lan\u00e7amento oficial do Programa de Inova\u00e7\u00e3o Aberta do Hub Salvador, com a apresenta\u00e7\u00e3o de diretrizes, metas, parcerias estrat\u00e9gicas e os pr\u00f3ximos passos da iniciativa.<\/p>\n<p>\u00c0s 16h15, ser\u00e1 apresentada a Plataforma Redes, uma ferramenta digital voltada \u00e0 integra\u00e7\u00e3o dos diversos atores do ecossistema de inova\u00e7\u00e3o, permitindo a constru\u00e7\u00e3o de redes de colabora\u00e7\u00e3o em projetos e desafios compartilhados. O evento ser\u00e1 encerrado \u00e0s 17h, com um momento dedicado ao networking, fortalecendo os la\u00e7os entre os participantes.<\/p>\n","protected":false},"excerpt":{"rendered":"<p>Na pr\u00f3xima segunda-feira (16), o Hub Salvador lan\u00e7a o Programa de Inova\u00e7\u00e3o Aberta, uma iniciativa que visa promover parcerias estrat\u00e9gicas entre empresas, setor p\u00fablico, organiza\u00e7\u00f5es de fomento, startups e centros de pesquisa. A a\u00e7\u00e3o ocorrer\u00e1 durante o evento \u201cConex\u00f5es que Inovam\u201d, com in\u00edcio \u00e0s 14h, na sede do Hub Salvador, na Avenida da Fran\u00e7a, 393, [&hellip;]<\/p>\n","protected":false},"author":1,"featured_media":13142,"comment_status":"open","ping_status":"closed","sticky":false,"template":"","format":"standard","meta":{"jnews-multi-image_gallery":[],"jnews_single_post":[],"jnews_primary_category":[],"footnotes":""},"categories":[195],"tags":[],"class_list":["post-13140","post","type-post","status-publish","format-standard","has-post-thumbnail","hentry","category-programa-de-inovacao-aberta"],"_links":{"self":[{"href":"https:\/\/cidadebaixaonline.com.br\/index.php\/wp-json\/wp\/v2\/posts\/13140","targetHints":{"allow":["GET"]}}],"collection":[{"href":"https:\/\/cidadebaixaonline.com.br\/index.php\/wp-json\/wp\/v2\/posts"}],"about":[{"href":"https:\/\/cidadebaixaonline.com.br\/index.php\/wp-json\/wp\/v2\/types\/post"}],"author":[{"embeddable":true,"href":"https:\/\/cidadebaixaonline.com.br\/index.php\/wp-json\/wp\/v2\/users\/1"}],"replies":[{"embeddable":true,"href":"https:\/\/cidadebaixaonline.com.br\/index.php\/wp-json\/wp\/v2\/comments?post=13140"}],"version-history":[{"count":1,"href":"https:\/\/cidadebaixaonline.com.br\/index.php\/wp-json\/wp\/v2\/posts\/13140\/revisions"}],"predecessor-version":[{"id":13141,"href":"https:\/\/cidadebaixaonline.com.br\/index.php\/wp-json\/wp\/v2\/posts\/13140\/revisions\/13141"}],"wp:featuredmedia":[{"embeddable":true,"href":"https:\/\/cidadebaixaonline.com.br\/index.php\/wp-json\/wp\/v2\/media\/13142"}],"wp:attachment":[{"href":"https:\/\/cidadebaixaonline.com.br\/index.php\/wp-json\/wp\/v2\/media?parent=13140"}],"wp:term":[{"taxonomy":"category","embeddable":true,"href":"https:\/\/cidadebaixaonline.com.br\/index.php\/wp-json\/wp\/v2\/categories?post=13140"},{"taxonomy":"post_tag","embeddable":true,"href":"https:\/\/cidadebaixaonline.com.br\/index.php\/wp-json\/wp\/v2\/tags?post=13140"}],"curies":[{"name":"wp","href":"https:\/\/api.w.org\/{rel}","templated":true}]}}