{"id":13137,"date":"2025-06-13T20:14:49","date_gmt":"2025-06-13T23:14:49","guid":{"rendered":"https:\/\/cidadebaixaonline.com.br\/?p=13137"},"modified":"2025-06-13T20:14:50","modified_gmt":"2025-06-13T23:14:50","slug":"arraia-da-prefs-conta-com-edicao-especial-da-feira-itinerante-fora-de-rota","status":"publish","type":"post","link":"https:\/\/cidadebaixaonline.com.br\/index.php\/2025\/06\/13\/arraia-da-prefs-conta-com-edicao-especial-da-feira-itinerante-fora-de-rota\/","title":{"rendered":"Arrai\u00e1 da Prefs conta com edi\u00e7\u00e3o especial da feira itinerante Fora de Rota"},"content":{"rendered":"<p>A feira itinerante Fora de Rota, que acontece em diferentes pontos de Salvador de forma sazonal, aportou no Arrai\u00e1 da Prefs, na Pra\u00e7a Municipal de Salvador. A iniciativa ocorrer\u00e1 a partir desta sexta-feira (13) e segue at\u00e9 a pr\u00f3xima quarta (18), apresentando uma vers\u00e3o \u201cpocket\u201d da mostra, com 11 empreendedores comercializando itens de decora\u00e7\u00e3o, acess\u00f3rios femininos, utilit\u00e1rios, bonecas de tecido, fornecidos por empreendedores locais.<\/p>\n<p>A idealizadora e produtora do Fora de Rota, Lara Kert\u00e9sz, celebrou a participa\u00e7\u00e3o no evento: \u201cPra mim \u00e9 uma honra enorme, porque tenho uma admira\u00e7\u00e3o pelo trabalho da gest\u00e3o de fomentar esse empreendedorismo de pequenos produtores. Trazer a feira para o Arrai\u00e1 \u00e9 um gostinho do que vir\u00e1 muito em breve. Agrade\u00e7o a oportunidade de colocar o projeto na rua e dar oportunidade aos empreendedores para venderem seus produtos, porque eles precisam muito\u201d.<\/p>\n<p>Lara destaca que, inicialmente, a edi\u00e7\u00e3o ocorreria apenas \u00e0s sextas, s\u00e1bados e domingos, mas, pelo sucesso do evento, os pr\u00f3prios empreendedores pediram para estender at\u00e9 o dia 18 de forma ininterrupta. \u201cFizemos a sele\u00e7\u00e3o de 10 marcas inicialmente, e inserimos mais uma a partir de amanh\u00e3, buscando uma variedade do que mostramos, mas com foco nas festas juninas\u201d.<\/p>\n<p>A empreendedora Eliana Almeida, de 50 anos, mora no Bairro da Paz e empreende h\u00e1 tr\u00eas anos vendendo bonecas de croch\u00ea (amigurumi). Ela afirmou que o primeiro final de semana do Arrai\u00e1 da Prefs surpreendeu, e espera que as vendas aque\u00e7am ainda mais nos pr\u00f3ximos dias.<\/p>\n<p>\u201cEssa \u00e9 a minha primeira participa\u00e7\u00e3o no Fora de Rota. \u00c9 uma boa oportunidade para mostrar o nosso trabalho, para as pessoas conhecerem. Acho importante ter (feiras como essa) para que n\u00f3s possamos participar, porque ajuda muito a divulgar nosso produto. O primeiro final de semana foi melhor do que eu imaginei, e agora, no segundo, a expectativa est\u00e1 l\u00e1 em cima, porque a tend\u00eancia \u00e9 melhorar ainda mais as vendas\u201d.<\/p>\n","protected":false},"excerpt":{"rendered":"<p>A feira itinerante Fora de Rota, que acontece em diferentes pontos de Salvador de forma sazonal, aportou no Arrai\u00e1 da Prefs, na Pra\u00e7a Municipal de Salvador. A iniciativa ocorrer\u00e1 a partir desta sexta-feira (13) e segue at\u00e9 a pr\u00f3xima quarta (18), apresentando uma vers\u00e3o \u201cpocket\u201d da mostra, com 11 empreendedores comercializando itens de decora\u00e7\u00e3o, acess\u00f3rios [&hellip;]<\/p>\n","protected":false},"author":1,"featured_media":13139,"comment_status":"open","ping_status":"closed","sticky":false,"template":"","format":"standard","meta":{"jnews-multi-image_gallery":[],"jnews_single_post":[],"jnews_primary_category":[],"footnotes":""},"categories":[194],"tags":[],"class_list":["post-13137","post","type-post","status-publish","format-standard","has-post-thumbnail","hentry","category-fora-de-rota"],"_links":{"self":[{"href":"https:\/\/cidadebaixaonline.com.br\/index.php\/wp-json\/wp\/v2\/posts\/13137","targetHints":{"allow":["GET"]}}],"collection":[{"href":"https:\/\/cidadebaixaonline.com.br\/index.php\/wp-json\/wp\/v2\/posts"}],"about":[{"href":"https:\/\/cidadebaixaonline.com.br\/index.php\/wp-json\/wp\/v2\/types\/post"}],"author":[{"embeddable":true,"href":"https:\/\/cidadebaixaonline.com.br\/index.php\/wp-json\/wp\/v2\/users\/1"}],"replies":[{"embeddable":true,"href":"https:\/\/cidadebaixaonline.com.br\/index.php\/wp-json\/wp\/v2\/comments?post=13137"}],"version-history":[{"count":1,"href":"https:\/\/cidadebaixaonline.com.br\/index.php\/wp-json\/wp\/v2\/posts\/13137\/revisions"}],"predecessor-version":[{"id":13138,"href":"https:\/\/cidadebaixaonline.com.br\/index.php\/wp-json\/wp\/v2\/posts\/13137\/revisions\/13138"}],"wp:featuredmedia":[{"embeddable":true,"href":"https:\/\/cidadebaixaonline.com.br\/index.php\/wp-json\/wp\/v2\/media\/13139"}],"wp:attachment":[{"href":"https:\/\/cidadebaixaonline.com.br\/index.php\/wp-json\/wp\/v2\/media?parent=13137"}],"wp:term":[{"taxonomy":"category","embeddable":true,"href":"https:\/\/cidadebaixaonline.com.br\/index.php\/wp-json\/wp\/v2\/categories?post=13137"},{"taxonomy":"post_tag","embeddable":true,"href":"https:\/\/cidadebaixaonline.com.br\/index.php\/wp-json\/wp\/v2\/tags?post=13137"}],"curies":[{"name":"wp","href":"https:\/\/api.w.org\/{rel}","templated":true}]}}