{"id":13135,"date":"2025-06-13T20:11:16","date_gmt":"2025-06-13T23:11:16","guid":{"rendered":"https:\/\/cidadebaixaonline.com.br\/?p=13135"},"modified":"2025-06-13T20:11:16","modified_gmt":"2025-06-13T23:11:16","slug":"ferry-boat-tem-movimento-tranquilo-em-salvador-e-na-ilha-de-itaparica-nesta-sexta-feira","status":"publish","type":"post","link":"https:\/\/cidadebaixaonline.com.br\/index.php\/2025\/06\/13\/ferry-boat-tem-movimento-tranquilo-em-salvador-e-na-ilha-de-itaparica-nesta-sexta-feira\/","title":{"rendered":"Ferry-boat tem movimento tranquilo em Salvador e na Ilha de Itaparica nesta sexta-feira"},"content":{"rendered":"<p>O sistema ferry-boat registra movimento tranquilo para ve\u00edculos e pedestres na chuvosa desta sexta-feira (13), nos terminais de S\u00e3o Joaquim, em Salvador, e Bom Despacho, na Ilha de Itaparica. A informa\u00e7\u00e3o foi divulgada pela Internacional Travessias Salvador (ITS), administradora do servi\u00e7o.<\/p>\n<p>Vale lembrar que o embarque de caminh\u00f5es est\u00e1 suspenso das 5h das sextas-feiras at\u00e9 \u00e0s 15h dos s\u00e1bados, como tamb\u00e9m das 5h de v\u00e9speras de feriados at\u00e9 \u00e0s 5h do dia posterior ao seu retorno. No sentido Bom Despacho para S\u00e3o Joaquim, a determina\u00e7\u00e3o vale das 5h dos domingos at\u00e9 \u00e0s 5h da segunda-feira, como tamb\u00e9m das 5h do dia posterior ao feriado at\u00e9 \u00e0s 5h do dia seguinte. Ve\u00edculos pesados transportando alimentos e tamb\u00e9m pacientes em tratamento fora do domic\u00edlio, poder\u00e3o embarcar normalmente no per\u00edodo de restri\u00e7\u00e3o.<\/p>\n<p>Nesta sexta, o sistema opera com quatro embarca\u00e7\u00f5es: Anna Nery, Dorival Caymmi, Rio Paragua\u00e7u e Zumbi dos Palmares.<\/p>\n","protected":false},"excerpt":{"rendered":"<p>O sistema ferry-boat registra movimento tranquilo para ve\u00edculos e pedestres na chuvosa desta sexta-feira (13), nos terminais de S\u00e3o Joaquim, em Salvador, e Bom Despacho, na Ilha de Itaparica. A informa\u00e7\u00e3o foi divulgada pela Internacional Travessias Salvador (ITS), administradora do servi\u00e7o. Vale lembrar que o embarque de caminh\u00f5es est\u00e1 suspenso das 5h das sextas-feiras at\u00e9 [&hellip;]<\/p>\n","protected":false},"author":1,"featured_media":12953,"comment_status":"open","ping_status":"closed","sticky":false,"template":"","format":"standard","meta":{"jnews-multi-image_gallery":[],"jnews_single_post":[],"jnews_primary_category":[],"footnotes":""},"categories":[128],"tags":[],"class_list":["post-13135","post","type-post","status-publish","format-standard","has-post-thumbnail","hentry","category-ferry-boat"],"_links":{"self":[{"href":"https:\/\/cidadebaixaonline.com.br\/index.php\/wp-json\/wp\/v2\/posts\/13135","targetHints":{"allow":["GET"]}}],"collection":[{"href":"https:\/\/cidadebaixaonline.com.br\/index.php\/wp-json\/wp\/v2\/posts"}],"about":[{"href":"https:\/\/cidadebaixaonline.com.br\/index.php\/wp-json\/wp\/v2\/types\/post"}],"author":[{"embeddable":true,"href":"https:\/\/cidadebaixaonline.com.br\/index.php\/wp-json\/wp\/v2\/users\/1"}],"replies":[{"embeddable":true,"href":"https:\/\/cidadebaixaonline.com.br\/index.php\/wp-json\/wp\/v2\/comments?post=13135"}],"version-history":[{"count":1,"href":"https:\/\/cidadebaixaonline.com.br\/index.php\/wp-json\/wp\/v2\/posts\/13135\/revisions"}],"predecessor-version":[{"id":13136,"href":"https:\/\/cidadebaixaonline.com.br\/index.php\/wp-json\/wp\/v2\/posts\/13135\/revisions\/13136"}],"wp:featuredmedia":[{"embeddable":true,"href":"https:\/\/cidadebaixaonline.com.br\/index.php\/wp-json\/wp\/v2\/media\/12953"}],"wp:attachment":[{"href":"https:\/\/cidadebaixaonline.com.br\/index.php\/wp-json\/wp\/v2\/media?parent=13135"}],"wp:term":[{"taxonomy":"category","embeddable":true,"href":"https:\/\/cidadebaixaonline.com.br\/index.php\/wp-json\/wp\/v2\/categories?post=13135"},{"taxonomy":"post_tag","embeddable":true,"href":"https:\/\/cidadebaixaonline.com.br\/index.php\/wp-json\/wp\/v2\/tags?post=13135"}],"curies":[{"name":"wp","href":"https:\/\/api.w.org\/{rel}","templated":true}]}}