{"id":13124,"date":"2025-06-11T14:32:57","date_gmt":"2025-06-11T17:32:57","guid":{"rendered":"https:\/\/cidadebaixaonline.com.br\/?p=13124"},"modified":"2025-06-11T14:32:57","modified_gmt":"2025-06-11T17:32:57","slug":"festa-de-santo-antonio-contara-com-missas-procissao-e-quermesse-na-osid","status":"publish","type":"post","link":"https:\/\/cidadebaixaonline.com.br\/index.php\/2025\/06\/11\/festa-de-santo-antonio-contara-com-missas-procissao-e-quermesse-na-osid\/","title":{"rendered":"Festa de Santo Ant\u00f4nio contar\u00e1 com missas, prociss\u00e3o e quermesse na OSID"},"content":{"rendered":"<p>Santo Ant\u00f4nio, santo querido de Irm\u00e3 Dulce, conhecido como protetor dos pobres e oprimidos, ganhar\u00e1 homenagem especial nesta sexta-feira, 13 de junho, no Santu\u00e1rio Santa Dulce dos Pobres (Av. Dendezeiros do Bonfim, 161). A programa\u00e7\u00e3o do dia festivo contar\u00e1 com cinco missas \u2013 \u00e0s 7h, 8h30, 10h, 12h e 16h &#8211; sendo esta \u00faltima a Missa Solene, presidida pelo bispo auxiliar da Arquidiocese de Salvador, Dom Marco Eug\u00eanio. Na agenda dedicada a Santo Ant\u00f4nio ter\u00e1 tamb\u00e9m o Momento Devocional (15h) e a Prociss\u00e3o Luminosa pelo Caminho da F\u00e9 (17h), trajeto que vai do Santu\u00e1rio Santa Dulce at\u00e9 a Igreja do Bonfim, reunindo devotos em um momento de muita f\u00e9 e emo\u00e7\u00e3o.<\/p>\n<p>Ao longo do dia haver\u00e1 tamb\u00e9m a quermesse (8h \u00e0s 18h), no estacionamento do Santu\u00e1rio de Santa Dulce, com apresenta\u00e7\u00e3o musical e barracas de comidas t\u00edpicas juninas e artesanato, com toda a renda obtida com as vendas direcionada para a manuten\u00e7\u00e3o das a\u00e7\u00f5es sociais da igreja.<\/p>\n<p>As homenagens a Santo Ant\u00f4nio no Santu\u00e1rio Santa Dulce dos Pobres v\u00eam acontecendo desde 1\u00ba de junho, com a realiza\u00e7\u00e3o da Trezena, que traz como tema deste ano \u201cCom Santo Ant\u00f4nio, firmes na F\u00e9, alegres na Esperan\u00e7a e sol\u00edcitos na Caridade\u201d. At\u00e9 12 de junho, o Santu\u00e1rio realizar\u00e1 as celebra\u00e7\u00f5es da Trezena \u00e0s 8h e 15h30, al\u00e9m das missas di\u00e1rias \u00e0s 7h, 8h30, 12h e 16h. Ao longo de 13 dias, o p\u00fablico tamb\u00e9m poder\u00e1 contribuir com a doa\u00e7\u00e3o de alimentos n\u00e3o perec\u00edveis, que ser\u00e3o doados para fam\u00edlias em situa\u00e7\u00e3o de vulnerabilidade.<\/p>\n<p>Forte rela\u00e7\u00e3o &#8211; Santo Ant\u00f4nio sempre teve um lugar especial na vida de Irm\u00e3 Dulce. Nos momentos de ang\u00fastia, desespero ou at\u00e9 mesmo para solicitar a concretiza\u00e7\u00e3o de algum pedido, era a Santo Ant\u00f4nio \u2013 a quem chamava de \u201ctesoureiro\u201d das Obras Sociais, por sempre apelar para ele quando faltavam recursos financeiros no hospital \u2013 que a M\u00e3e dos Pobres recorria. Ainda na inf\u00e2ncia, bem antes de entrar para a vida religiosa, ela tinha o h\u00e1bito de decorar o altar do santo caridoso. Uma imagem de Santo Ant\u00f4nio do s\u00e9culo 19, que pertenceu ao av\u00f4 do Anjo Bom, o advogado Manoel Lopes Pontes, est\u00e1 entre as centenas de pe\u00e7as do acervo do Memorial Santa Dulce dos Pobres. Era em frente a esta rel\u00edquia da fam\u00edlia que Irm\u00e3 Dulce costumava fazer seus pedidos e ora\u00e7\u00f5es. O Memorial tamb\u00e9m conta com um espa\u00e7o que retrata a devo\u00e7\u00e3o de Santa Dulce por Santo Ant\u00f4nio atrav\u00e9s de relatos e esculturas que representam epis\u00f3dios curiosos dessa rela\u00e7\u00e3o. Santo Ant\u00f4nio cuidava dos pobres, alimentava os famintos, defendia aqueles que sofriam. As vidas de Santo Ant\u00f4nio e de Santa Dulce dos Pobres surpreendem pela cumplicidade e pela trajet\u00f3ria de amor e servi\u00e7o ao pr\u00f3ximo.<\/p>\n","protected":false},"excerpt":{"rendered":"<p>Santo Ant\u00f4nio, santo querido de Irm\u00e3 Dulce, conhecido como protetor dos pobres e oprimidos, ganhar\u00e1 homenagem especial nesta sexta-feira, 13 de junho, no Santu\u00e1rio Santa Dulce dos Pobres (Av. Dendezeiros do Bonfim, 161). A programa\u00e7\u00e3o do dia festivo contar\u00e1 com cinco missas \u2013 \u00e0s 7h, 8h30, 10h, 12h e 16h &#8211; sendo esta \u00faltima a [&hellip;]<\/p>\n","protected":false},"author":1,"featured_media":13126,"comment_status":"open","ping_status":"closed","sticky":false,"template":"","format":"standard","meta":{"jnews-multi-image_gallery":[],"jnews_single_post":[],"jnews_primary_category":[],"footnotes":""},"categories":[193],"tags":[],"class_list":["post-13124","post","type-post","status-publish","format-standard","has-post-thumbnail","hentry","category-festa-de-santo-antonio"],"_links":{"self":[{"href":"https:\/\/cidadebaixaonline.com.br\/index.php\/wp-json\/wp\/v2\/posts\/13124","targetHints":{"allow":["GET"]}}],"collection":[{"href":"https:\/\/cidadebaixaonline.com.br\/index.php\/wp-json\/wp\/v2\/posts"}],"about":[{"href":"https:\/\/cidadebaixaonline.com.br\/index.php\/wp-json\/wp\/v2\/types\/post"}],"author":[{"embeddable":true,"href":"https:\/\/cidadebaixaonline.com.br\/index.php\/wp-json\/wp\/v2\/users\/1"}],"replies":[{"embeddable":true,"href":"https:\/\/cidadebaixaonline.com.br\/index.php\/wp-json\/wp\/v2\/comments?post=13124"}],"version-history":[{"count":1,"href":"https:\/\/cidadebaixaonline.com.br\/index.php\/wp-json\/wp\/v2\/posts\/13124\/revisions"}],"predecessor-version":[{"id":13125,"href":"https:\/\/cidadebaixaonline.com.br\/index.php\/wp-json\/wp\/v2\/posts\/13124\/revisions\/13125"}],"wp:featuredmedia":[{"embeddable":true,"href":"https:\/\/cidadebaixaonline.com.br\/index.php\/wp-json\/wp\/v2\/media\/13126"}],"wp:attachment":[{"href":"https:\/\/cidadebaixaonline.com.br\/index.php\/wp-json\/wp\/v2\/media?parent=13124"}],"wp:term":[{"taxonomy":"category","embeddable":true,"href":"https:\/\/cidadebaixaonline.com.br\/index.php\/wp-json\/wp\/v2\/categories?post=13124"},{"taxonomy":"post_tag","embeddable":true,"href":"https:\/\/cidadebaixaonline.com.br\/index.php\/wp-json\/wp\/v2\/tags?post=13124"}],"curies":[{"name":"wp","href":"https:\/\/api.w.org\/{rel}","templated":true}]}}