{"id":13121,"date":"2025-06-11T14:00:03","date_gmt":"2025-06-11T17:00:03","guid":{"rendered":"https:\/\/cidadebaixaonline.com.br\/?p=13121"},"modified":"2025-06-11T14:00:04","modified_gmt":"2025-06-11T17:00:04","slug":"mpf-investiga-abandono-de-imoveis-tombados-no-centro-historico-de-salvador","status":"publish","type":"post","link":"https:\/\/cidadebaixaonline.com.br\/index.php\/2025\/06\/11\/mpf-investiga-abandono-de-imoveis-tombados-no-centro-historico-de-salvador\/","title":{"rendered":"MPF investiga abandono de im\u00f3veis tombados no Centro Hist\u00f3rico de Salvador"},"content":{"rendered":"<p>O Minist\u00e9rio P\u00fablico Federal (MPF) abriu um inqu\u00e9rito civil para investigar o abandono e a falta de conserva\u00e7\u00e3o de im\u00f3veis tombados no Centro Hist\u00f3rico de Salvador, reconhecido como Patrim\u00f4nio Cultural da Humanidade pela Unesco. A apura\u00e7\u00e3o foi motivada pelo desabamento do teto da Igreja de S\u00e3o Francisco de Assis, ocorrido em fevereiro deste ano, que resultou na morte da turista Giulia Panchoni Righetto, de 26 anos, natural de Ribeir\u00e3o Preto (SP).<\/p>\n<p>Conhecida como \u201cIgreja de Ouro\u201d, a Igreja de S\u00e3o Francisco integra o conjunto arquitet\u00f4nico tombado pelo Instituto do Patrim\u00f4nio Hist\u00f3rico e Art\u00edstico Nacional (IPHAN). Al\u00e9m da v\u00edtima fatal, outras cinco pessoas ficaram feridas ap\u00f3s o acidente dentro do templo, localizado no Pelourinho.<\/p>\n<p>A investiga\u00e7\u00e3o, conduzida pela procuradora Vanessa Gomes Previtera, menciona o Plano de Conting\u00eancia do Centro Hist\u00f3rico, elaborado pela Defesa Civil de Salvador (Codesal), que j\u00e1 havia alertado sobre o risco estrutural em diversos im\u00f3veis tombados. Vistorias feitas em 2023 apontaram im\u00f3veis em situa\u00e7\u00e3o de risco alto ou muito alto de desabamento.<\/p>\n<p>O MPF vai apurar se houve omiss\u00e3o por parte do IPHAN, da Prefeitura de Salvador ou do Governo da Bahia na ado\u00e7\u00e3o de medidas preventivas para garantir a seguran\u00e7a dos visitantes e moradores. Caso seja comprovada neglig\u00eancia, os \u00f3rg\u00e3os p\u00fablicos poder\u00e3o ser responsabilizados judicialmente.<\/p>\n<p>Ap\u00f3s o acidente, entre os dias 10 e 14 de fevereiro, equipes do IPHAN e da Codesal inspecionaram 114 im\u00f3veis hist\u00f3ricos. Como resultado, seis igrejas e dois im\u00f3veis residenciais foram interditados por apresentarem riscos estruturais. Entre os templos fechados est\u00e3o:<\/p>\n<p>\u2013 Igreja de Nossa Senhora da Ajuda<br \/>\n\u2013 Igreja e Convento dos Perd\u00f5es<br \/>\n\u2013 Igreja de S\u00e3o Bento<br \/>\n\u2013 Igreja dos Quinze Mist\u00e9rios<br \/>\n\u2013 Igreja de Nossa Senhora da Boa Viagem<br \/>\n\u2013 Igreja de S\u00e3o Miguel<\/p>\n<p>At\u00e9 o fim de fevereiro, o total de im\u00f3veis vistoriados chegou a 140 edifica\u00e7\u00f5es. O IPHAN dever\u00e1 elaborar laudos t\u00e9cnicos com recomenda\u00e7\u00f5es para a restaura\u00e7\u00e3o e preserva\u00e7\u00e3o dos bens hist\u00f3ricos.<\/p>\n","protected":false},"excerpt":{"rendered":"<p>O Minist\u00e9rio P\u00fablico Federal (MPF) abriu um inqu\u00e9rito civil para investigar o abandono e a falta de conserva\u00e7\u00e3o de im\u00f3veis tombados no Centro Hist\u00f3rico de Salvador, reconhecido como Patrim\u00f4nio Cultural da Humanidade pela Unesco. A apura\u00e7\u00e3o foi motivada pelo desabamento do teto da Igreja de S\u00e3o Francisco de Assis, ocorrido em fevereiro deste ano, que [&hellip;]<\/p>\n","protected":false},"author":1,"featured_media":13123,"comment_status":"open","ping_status":"closed","sticky":false,"template":"","format":"standard","meta":{"jnews-multi-image_gallery":[],"jnews_single_post":[],"jnews_primary_category":[],"footnotes":""},"categories":[85],"tags":[],"class_list":["post-13121","post","type-post","status-publish","format-standard","has-post-thumbnail","hentry","category-noticias"],"_links":{"self":[{"href":"https:\/\/cidadebaixaonline.com.br\/index.php\/wp-json\/wp\/v2\/posts\/13121","targetHints":{"allow":["GET"]}}],"collection":[{"href":"https:\/\/cidadebaixaonline.com.br\/index.php\/wp-json\/wp\/v2\/posts"}],"about":[{"href":"https:\/\/cidadebaixaonline.com.br\/index.php\/wp-json\/wp\/v2\/types\/post"}],"author":[{"embeddable":true,"href":"https:\/\/cidadebaixaonline.com.br\/index.php\/wp-json\/wp\/v2\/users\/1"}],"replies":[{"embeddable":true,"href":"https:\/\/cidadebaixaonline.com.br\/index.php\/wp-json\/wp\/v2\/comments?post=13121"}],"version-history":[{"count":1,"href":"https:\/\/cidadebaixaonline.com.br\/index.php\/wp-json\/wp\/v2\/posts\/13121\/revisions"}],"predecessor-version":[{"id":13122,"href":"https:\/\/cidadebaixaonline.com.br\/index.php\/wp-json\/wp\/v2\/posts\/13121\/revisions\/13122"}],"wp:featuredmedia":[{"embeddable":true,"href":"https:\/\/cidadebaixaonline.com.br\/index.php\/wp-json\/wp\/v2\/media\/13123"}],"wp:attachment":[{"href":"https:\/\/cidadebaixaonline.com.br\/index.php\/wp-json\/wp\/v2\/media?parent=13121"}],"wp:term":[{"taxonomy":"category","embeddable":true,"href":"https:\/\/cidadebaixaonline.com.br\/index.php\/wp-json\/wp\/v2\/categories?post=13121"},{"taxonomy":"post_tag","embeddable":true,"href":"https:\/\/cidadebaixaonline.com.br\/index.php\/wp-json\/wp\/v2\/tags?post=13121"}],"curies":[{"name":"wp","href":"https:\/\/api.w.org\/{rel}","templated":true}]}}