{"id":13116,"date":"2025-06-10T15:46:06","date_gmt":"2025-06-10T18:46:06","guid":{"rendered":"https:\/\/cidadebaixaonline.com.br\/?p=13116"},"modified":"2025-06-10T15:46:06","modified_gmt":"2025-06-10T18:46:06","slug":"novos-ferries-governo-espera-ter-solucao-definitiva-para-compra-em-60-dias","status":"publish","type":"post","link":"https:\/\/cidadebaixaonline.com.br\/index.php\/2025\/06\/10\/novos-ferries-governo-espera-ter-solucao-definitiva-para-compra-em-60-dias\/","title":{"rendered":"Novos ferries: governo espera ter solu\u00e7\u00e3o definitiva para compra em 60 dias"},"content":{"rendered":"<p>Sete meses ap\u00f3s o governo da Bahia declarar deserta a licita\u00e7\u00e3o para a compra de novas embarca\u00e7\u00f5es para o\u00a0Ferry-boat, a novela da renova\u00e7\u00e3o da frota pode estar perto de um desfecho. O secret\u00e1rio da Casa Civil da Bahia, Afonso Florence, antecipou ao\u00a0Portal A TARDE\u00a0que a expectativa \u00e9 ter uma posi\u00e7\u00e3o definitiva sobre a aquisi\u00e7\u00e3o dos novos ferries em at\u00e9 60 dias.<\/p>\n<p>Segundo o secret\u00e1rio, diante da persistente aus\u00eancia de interessados, o governo est\u00e1 tomando provid\u00eancias jur\u00eddicas em conjunto com a Procuradoria Geral do Estado (PGE) para encontrar uma sa\u00edda para o impasse.<\/p>\n<p>\u201cO governador Jer\u00f4nimo Rodrigues est\u00e1 desde 2023 publicando licita\u00e7\u00f5es e, mesmo assim, n\u00e3o conseguimos contratar por falta de pretendentes. Apesar de termos conhecimento de que existem fabricantes, operadores e ferries dispon\u00edveis \u2014 ainda que na Gr\u00e9cia, no Mediterr\u00e2neo \u2014, pretendemos ter uma solu\u00e7\u00e3o definitiva nos pr\u00f3ximos 60 dias. Estamos fazendo esse esfor\u00e7o para antecipar o an\u00fancio e dar essa solu\u00e7\u00e3o\u201d, declarou Florence.<\/p>\n<h2>Licita\u00e7\u00e3o Deserta<\/h2>\n<p>Em novembro, o governo da Bahia precisou\u00a0abrir uma nova licita\u00e7\u00e3o para a contrata\u00e7\u00e3o da empresa que ser\u00e1 respons\u00e1vel pela compra de dois ferries\u00a0que ir\u00e3o operar no Sistema P\u00fablico de Transporte Hidrovi\u00e1rio de Navega\u00e7\u00e3o Mar\u00edtima Interior, de passageiros, cargas e ve\u00edculos, na Ba\u00eda de Todos os Santos.<\/p>\n<p>O an\u00fancio do novo edital ocorreu ap\u00f3s a Secretaria de Infraestrutura do Estado (Seinfra) declarar o certame inicial como\u00a0deserta. A abertura da licita\u00e7\u00e3o para envio das propostas das empresas interessadas foi iniciada no dia 26 de outubro do ano passado e o resultado j\u00e1 seria publicado um m\u00eas depois, no entanto, como n\u00e3o houveram propostas uma nova concorr\u00eancia foi aberta.<\/p>\n<h2>Novos ferries<\/h2>\n<p>Conforme antecipado pelo governador Jer\u00f4nimo Rodrigues (PT) \u00e0 imprensa e pelo\u00a0Portal, em entrevista exclusiva com o secret\u00e1rio da Casa Civil, Afonso Florence, em outubro do ano passado, a travessia Salvador-Mar Grande ganhar\u00e1 duas novas embarca\u00e7\u00f5es.<\/p>\n<p>Na ocasi\u00e3o, Afonso declarou ao Portal que o processo de aquisi\u00e7\u00e3o j\u00e1 estava em um est\u00e1gio avan\u00e7ado e que haviam cinco empresas gregas que participaram e foram aprovadas inicialmente.<\/p>\n<p>Segundo apura\u00e7\u00f5es do\u00a0Portal, a deserta n\u00e3o se deu por falta de interesse das empresas, mas por d\u00favidas sobre o edital.<\/p>\n<p>Os novos ferries dever\u00e3o ter at\u00e9 oito anos de opera\u00e7\u00e3o, com capacidade m\u00ednima de 1.200 passageiros e de 160 ve\u00edculos. A expectativa \u00e9 de que os novos transportes, que vir\u00e3o da Gr\u00e9cia, comecem a transitar no in\u00edcio do primeiro semestre de 2025, ap\u00f3s a conclus\u00e3o do processo licitat\u00f3rio.<\/p>\n<p>Ap\u00f3s o processo de pr\u00e9-qualifica\u00e7\u00e3o, que leva em conta vistorias sobre os aspectos t\u00e9cnicos, de mec\u00e2nica n\u00e1utica, documenta\u00e7\u00e3o, entre outros, a pr\u00f3xima fase ser\u00e1 iniciada. Ainda n\u00e3o h\u00e1 previs\u00e3o de datas espec\u00edficas.<\/p>\n<h2>Cen\u00e1rio atual<\/h2>\n<p>Atualmente, segundo a Internacional Travessias Salvador, o sistema conta com sete embarca\u00e7\u00f5es:\u00a0Anna Nery, Dorival Caymmi, Ivete Sangalo, Maria Beth\u00e2nia, Pinheiro, Rio Paragua\u00e7u e Zumbi dos Palmares.<\/p>\n","protected":false},"excerpt":{"rendered":"<p>Sete meses ap\u00f3s o governo da Bahia declarar deserta a licita\u00e7\u00e3o para a compra de novas embarca\u00e7\u00f5es para o\u00a0Ferry-boat, a novela da renova\u00e7\u00e3o da frota pode estar perto de um desfecho. O secret\u00e1rio da Casa Civil da Bahia, Afonso Florence, antecipou ao\u00a0Portal A TARDE\u00a0que a expectativa \u00e9 ter uma posi\u00e7\u00e3o definitiva sobre a aquisi\u00e7\u00e3o dos [&hellip;]<\/p>\n","protected":false},"author":1,"featured_media":13118,"comment_status":"open","ping_status":"closed","sticky":false,"template":"","format":"standard","meta":{"jnews-multi-image_gallery":[],"jnews_single_post":[],"jnews_primary_category":[],"footnotes":""},"categories":[128],"tags":[],"class_list":["post-13116","post","type-post","status-publish","format-standard","has-post-thumbnail","hentry","category-ferry-boat"],"_links":{"self":[{"href":"https:\/\/cidadebaixaonline.com.br\/index.php\/wp-json\/wp\/v2\/posts\/13116","targetHints":{"allow":["GET"]}}],"collection":[{"href":"https:\/\/cidadebaixaonline.com.br\/index.php\/wp-json\/wp\/v2\/posts"}],"about":[{"href":"https:\/\/cidadebaixaonline.com.br\/index.php\/wp-json\/wp\/v2\/types\/post"}],"author":[{"embeddable":true,"href":"https:\/\/cidadebaixaonline.com.br\/index.php\/wp-json\/wp\/v2\/users\/1"}],"replies":[{"embeddable":true,"href":"https:\/\/cidadebaixaonline.com.br\/index.php\/wp-json\/wp\/v2\/comments?post=13116"}],"version-history":[{"count":1,"href":"https:\/\/cidadebaixaonline.com.br\/index.php\/wp-json\/wp\/v2\/posts\/13116\/revisions"}],"predecessor-version":[{"id":13117,"href":"https:\/\/cidadebaixaonline.com.br\/index.php\/wp-json\/wp\/v2\/posts\/13116\/revisions\/13117"}],"wp:featuredmedia":[{"embeddable":true,"href":"https:\/\/cidadebaixaonline.com.br\/index.php\/wp-json\/wp\/v2\/media\/13118"}],"wp:attachment":[{"href":"https:\/\/cidadebaixaonline.com.br\/index.php\/wp-json\/wp\/v2\/media?parent=13116"}],"wp:term":[{"taxonomy":"category","embeddable":true,"href":"https:\/\/cidadebaixaonline.com.br\/index.php\/wp-json\/wp\/v2\/categories?post=13116"},{"taxonomy":"post_tag","embeddable":true,"href":"https:\/\/cidadebaixaonline.com.br\/index.php\/wp-json\/wp\/v2\/tags?post=13116"}],"curies":[{"name":"wp","href":"https:\/\/api.w.org\/{rel}","templated":true}]}}