{"id":13110,"date":"2025-06-10T15:12:50","date_gmt":"2025-06-10T18:12:50","guid":{"rendered":"https:\/\/cidadebaixaonline.com.br\/?p=13110"},"modified":"2025-06-10T15:12:51","modified_gmt":"2025-06-10T18:12:51","slug":"caritas-de-santo-antonio-reforca-os-impactos-da-crise-climatica","status":"publish","type":"post","link":"https:\/\/cidadebaixaonline.com.br\/index.php\/2025\/06\/10\/caritas-de-santo-antonio-reforca-os-impactos-da-crise-climatica\/","title":{"rendered":"C\u00e1ritas de Santo Ant\u00f4nio refor\u00e7a os impactos da crise clim\u00e1tica"},"content":{"rendered":"<p>No pr\u00f3ximo dia 13 de junho, a C\u00e1ritas Brasileira Regional Nordeste 3 far\u00e1 uma celebra\u00e7\u00e3o em rever\u00eancia a Santo Ant\u00f4nio. A reza para o santo casamenteiro ser\u00e1 na sede da entidade em Brotas, na rua Em\u00edlia Couto, 270b, \u00e0s 18h. A entrada \u00e9 gratuita.<\/p>\n<p>Durante a abertura da atividade, o secret\u00e1rio regional, Jardel Nascimento, refor\u00e7ar\u00e1 a import\u00e2ncia da tradi\u00e7\u00e3o dos festejos juninos, fazendo um alerta para a incid\u00eancia da crise clim\u00e1tica na cultura popular, sobretudo pelos impactos na agricultura familiar \u2013 respons\u00e1vel pela produ\u00e7\u00e3o de alimentos t\u00edpicos de junho.<\/p>\n<p>O evento j\u00e1 \u00e9 realizado pela entidade h\u00e1 cerca de uma d\u00e9cada. A atua\u00e7\u00e3o da C\u00e1ritas NE 3 abrange a execu\u00e7\u00e3o de projetos sociais nos estados da Bahia e de Sergipe. A organiza\u00e7\u00e3o \u00e9 uma entidade-membro da C\u00e1ritas Brasileira, organismo da Confer\u00eancia Nacional dos Bispos do Brasil (CNBB).<\/p>\n<p>Atua\u00e7\u00e3o da C\u00e1ritas Nordeste 3 &#8211; Nos estados supracitados, por meio de diversos projetos de incid\u00eancia pol\u00edtica e fortalecimento comunit\u00e1rio no caminho de garantia de direitos e empoderamento, o regional Nordeste 3 da C\u00e1ritas atua em \u00e1reas tem\u00e1ticas estrat\u00e9gicas como economia popular solid\u00e1ria; conviv\u00eancia com os biomas; programa inf\u00e2ncia, adolesc\u00eancia e juventudes; e povos e comunidades tradicionais.<\/p>\n<p>Tradi\u00e7\u00e3o cat\u00f3lica<br \/>\nNa comunidade cat\u00f3lica, Santo Ant\u00f4nio inspira as trezenas (13 noites de reza, de 1\u00ba a 13 de junho), ritual realizado por in\u00fameros devotos Brasil afora. O Santo \u00e9 cercado por simpatias e tradi\u00e7\u00f5es populares e \u00e9 conhecido como casamenteiro. Ele faleceu em 13 de junho de 1231, por isso \u00e9 o primeiro a ser homenageado das festas juninas.<\/p>\n<p><strong>Servi\u00e7o<\/strong><\/p>\n<p>O que: Reza de Santo Ant\u00f4nio<br \/>\nQuando: 13\/06, 18h<br \/>\nOnde: C\u00e1ritas Nordeste 3 (rua Em\u00edlia Couto, 270b, Brotas, Salvador-BA)<br \/>\nQuanto: gratuito<\/p>\n","protected":false},"excerpt":{"rendered":"<p>No pr\u00f3ximo dia 13 de junho, a C\u00e1ritas Brasileira Regional Nordeste 3 far\u00e1 uma celebra\u00e7\u00e3o em rever\u00eancia a Santo Ant\u00f4nio. A reza para o santo casamenteiro ser\u00e1 na sede da entidade em Brotas, na rua Em\u00edlia Couto, 270b, \u00e0s 18h. A entrada \u00e9 gratuita. Durante a abertura da atividade, o secret\u00e1rio regional, Jardel Nascimento, refor\u00e7ar\u00e1 [&hellip;]<\/p>\n","protected":false},"author":1,"featured_media":13112,"comment_status":"open","ping_status":"closed","sticky":false,"template":"","format":"standard","meta":{"jnews-multi-image_gallery":[],"jnews_single_post":[],"jnews_primary_category":[],"footnotes":""},"categories":[85],"tags":[],"class_list":["post-13110","post","type-post","status-publish","format-standard","has-post-thumbnail","hentry","category-noticias"],"_links":{"self":[{"href":"https:\/\/cidadebaixaonline.com.br\/index.php\/wp-json\/wp\/v2\/posts\/13110","targetHints":{"allow":["GET"]}}],"collection":[{"href":"https:\/\/cidadebaixaonline.com.br\/index.php\/wp-json\/wp\/v2\/posts"}],"about":[{"href":"https:\/\/cidadebaixaonline.com.br\/index.php\/wp-json\/wp\/v2\/types\/post"}],"author":[{"embeddable":true,"href":"https:\/\/cidadebaixaonline.com.br\/index.php\/wp-json\/wp\/v2\/users\/1"}],"replies":[{"embeddable":true,"href":"https:\/\/cidadebaixaonline.com.br\/index.php\/wp-json\/wp\/v2\/comments?post=13110"}],"version-history":[{"count":1,"href":"https:\/\/cidadebaixaonline.com.br\/index.php\/wp-json\/wp\/v2\/posts\/13110\/revisions"}],"predecessor-version":[{"id":13111,"href":"https:\/\/cidadebaixaonline.com.br\/index.php\/wp-json\/wp\/v2\/posts\/13110\/revisions\/13111"}],"wp:featuredmedia":[{"embeddable":true,"href":"https:\/\/cidadebaixaonline.com.br\/index.php\/wp-json\/wp\/v2\/media\/13112"}],"wp:attachment":[{"href":"https:\/\/cidadebaixaonline.com.br\/index.php\/wp-json\/wp\/v2\/media?parent=13110"}],"wp:term":[{"taxonomy":"category","embeddable":true,"href":"https:\/\/cidadebaixaonline.com.br\/index.php\/wp-json\/wp\/v2\/categories?post=13110"},{"taxonomy":"post_tag","embeddable":true,"href":"https:\/\/cidadebaixaonline.com.br\/index.php\/wp-json\/wp\/v2\/tags?post=13110"}],"curies":[{"name":"wp","href":"https:\/\/api.w.org\/{rel}","templated":true}]}}