{"id":13098,"date":"2025-06-09T19:32:58","date_gmt":"2025-06-09T22:32:58","guid":{"rendered":"https:\/\/cidadebaixaonline.com.br\/?p=13098"},"modified":"2025-06-09T19:32:58","modified_gmt":"2025-06-09T22:32:58","slug":"metro-de-salvador-chegara-ao-campo-grande-e-deve-gerar-de-mil-empregos","status":"publish","type":"post","link":"https:\/\/cidadebaixaonline.com.br\/index.php\/2025\/06\/09\/metro-de-salvador-chegara-ao-campo-grande-e-deve-gerar-de-mil-empregos\/","title":{"rendered":"Metr\u00f4 de Salvador chegar\u00e1 ao Campo Grande e deve gerar de mil empregos"},"content":{"rendered":"<p>A mobilidade urbana de Salvador ganhar\u00e1 um novo cap\u00edtulo com a expans\u00e3o do metr\u00f4 at\u00e9 o Campo Grande, empreendimento que vai gerar cerca de mil empregos diretos ao longo da sua execu\u00e7\u00e3o. O an\u00fancio foi feito pelo secret\u00e1rio do Trabalho, Emprego, Renda e Esporte da Bahia (Setre), Augusto Vasconcelos, durante evento que marcou a publica\u00e7\u00e3o dos editais de licita\u00e7\u00e3o para a constru\u00e7\u00e3o do Tramo 4 da Linha 1 e aquisi\u00e7\u00e3o de novos trens do sistema metrovi\u00e1rio da capital. Nesta segunda-feira (9), o governador Jer\u00f4nimo Rodrigues (PT) e o ministro da Casa Civil, Rui Costa, anunciaram a publica\u00e7\u00e3o dos editais de licita\u00e7\u00e3o para a constru\u00e7\u00e3o do Tramo 4 da Linha 1 e a aquisi\u00e7\u00e3o de 10 novos trens.<\/p>\n<p>Com investimento estimado em R$ 1,518 bilh\u00e3o, via recursos do Novo PAC, a nova etapa ligar\u00e1 a Esta\u00e7\u00e3o da Lapa \u00e0 futura Esta\u00e7\u00e3o Campo Grande, considerada estrat\u00e9gica por sua localiza\u00e7\u00e3o pr\u00f3xima ao Teatro Castro Alves, museus, hospital, universidade e ao circuito oficial do Carnaval. A obra ser\u00e1 executada pela Companhia de Transportes do Estado da Bahia (CTB) e contar\u00e1 com 1,1 km de extens\u00e3o subterr\u00e2nea, beneficiando diretamente cerca de 11,5 mil passageiros por dia.<\/p>\n<p>Para o secret\u00e1rio Augusto Vasconcelos, a obra n\u00e3o apenas impulsiona a gera\u00e7\u00e3o de empregos na capital, como tamb\u00e9m refor\u00e7a o dinamismo econ\u00f4mico do Centro da cidade. _\u201cEstamos falando de uma interven\u00e7\u00e3o que vai gerar cerca de mil postos de trabalho diretos e ainda mais empregos indiretos, a partir do aquecimento de setores como com\u00e9rcio, servi\u00e7os e infraestrutura urbana. \u00c9 um investimento que soma desenvolvimento com inclus\u00e3o, com impacto positivo na vida da popula\u00e7\u00e3o\u201d_, destacou.<\/p>\n<p>Al\u00e9m da expans\u00e3o at\u00e9 o Campo Grande, tamb\u00e9m foi lan\u00e7ado edital para aquisi\u00e7\u00e3o de 10 novos trens com capacidade para 1.250 passageiros cada. O valor total desse contrato \u00e9 de R$ 648,4 milh\u00f5es, sendo a maior parte (R$ 616 milh\u00f5es) oriunda do governo federal. Com isso, os dois projetos somam R$ 2,166 bilh\u00f5es em investimentos, reafirmando o compromisso dos governos estadual e federal com a moderniza\u00e7\u00e3o da infraestrutura baiana.<\/p>\n<p>De acordo com Vasconcelos, o conjunto de obras estruturantes em Salvador, que inclui tamb\u00e9m a constru\u00e7\u00e3o do VLT, projeta a capital como uma das cidades com maior extens\u00e3o ferrovi\u00e1ria do pa\u00eds, atingindo aproximadamente 80 quil\u00f4metros de trilhos ao fim das interven\u00e7\u00f5es.<\/p>\n<p>\u201cDesde o ano passado, a Bahia lidera a gera\u00e7\u00e3o de empregos no Nordeste. E esse resultado \u00e9 fruto de uma pol\u00edtica p\u00fablica que aposta na infraestrutura como vetor de desenvolvimento. Seguimos trabalhando para atrair novos investimentos, fortalecer nossa ind\u00fastria e garantir oportunidades reais para quem mais precisa\u201d_, concluiu o secret\u00e1rio.<\/p>\n<p>A expans\u00e3o do metr\u00f4 at\u00e9 o Campo Grande \u00e9 operada por meio de Parceria P\u00fablico-Privada com o Grupo CCR, e se integra ao sistema j\u00e1 existente, que hoje possui 42 km de extens\u00e3o, 22 esta\u00e7\u00f5es, nove terminais de \u00f4nibus e transporta mais de 400 mil pessoas por dia.<\/p>\n","protected":false},"excerpt":{"rendered":"<p>A mobilidade urbana de Salvador ganhar\u00e1 um novo cap\u00edtulo com a expans\u00e3o do metr\u00f4 at\u00e9 o Campo Grande, empreendimento que vai gerar cerca de mil empregos diretos ao longo da sua execu\u00e7\u00e3o. O an\u00fancio foi feito pelo secret\u00e1rio do Trabalho, Emprego, Renda e Esporte da Bahia (Setre), Augusto Vasconcelos, durante evento que marcou a publica\u00e7\u00e3o [&hellip;]<\/p>\n","protected":false},"author":1,"featured_media":13100,"comment_status":"open","ping_status":"closed","sticky":false,"template":"","format":"standard","meta":{"jnews-multi-image_gallery":[],"jnews_single_post":[],"jnews_primary_category":[],"footnotes":""},"categories":[173],"tags":[],"class_list":["post-13098","post","type-post","status-publish","format-standard","has-post-thumbnail","hentry","category-metro"],"_links":{"self":[{"href":"https:\/\/cidadebaixaonline.com.br\/index.php\/wp-json\/wp\/v2\/posts\/13098","targetHints":{"allow":["GET"]}}],"collection":[{"href":"https:\/\/cidadebaixaonline.com.br\/index.php\/wp-json\/wp\/v2\/posts"}],"about":[{"href":"https:\/\/cidadebaixaonline.com.br\/index.php\/wp-json\/wp\/v2\/types\/post"}],"author":[{"embeddable":true,"href":"https:\/\/cidadebaixaonline.com.br\/index.php\/wp-json\/wp\/v2\/users\/1"}],"replies":[{"embeddable":true,"href":"https:\/\/cidadebaixaonline.com.br\/index.php\/wp-json\/wp\/v2\/comments?post=13098"}],"version-history":[{"count":1,"href":"https:\/\/cidadebaixaonline.com.br\/index.php\/wp-json\/wp\/v2\/posts\/13098\/revisions"}],"predecessor-version":[{"id":13099,"href":"https:\/\/cidadebaixaonline.com.br\/index.php\/wp-json\/wp\/v2\/posts\/13098\/revisions\/13099"}],"wp:featuredmedia":[{"embeddable":true,"href":"https:\/\/cidadebaixaonline.com.br\/index.php\/wp-json\/wp\/v2\/media\/13100"}],"wp:attachment":[{"href":"https:\/\/cidadebaixaonline.com.br\/index.php\/wp-json\/wp\/v2\/media?parent=13098"}],"wp:term":[{"taxonomy":"category","embeddable":true,"href":"https:\/\/cidadebaixaonline.com.br\/index.php\/wp-json\/wp\/v2\/categories?post=13098"},{"taxonomy":"post_tag","embeddable":true,"href":"https:\/\/cidadebaixaonline.com.br\/index.php\/wp-json\/wp\/v2\/tags?post=13098"}],"curies":[{"name":"wp","href":"https:\/\/api.w.org\/{rel}","templated":true}]}}