{"id":13095,"date":"2025-06-09T18:08:41","date_gmt":"2025-06-09T21:08:41","guid":{"rendered":"https:\/\/cidadebaixaonline.com.br\/?p=13095"},"modified":"2025-06-09T18:08:41","modified_gmt":"2025-06-09T21:08:41","slug":"biblioteca-central-de-salvador-recebe-exposicao-biomas-da-bahia","status":"publish","type":"post","link":"https:\/\/cidadebaixaonline.com.br\/index.php\/2025\/06\/09\/biblioteca-central-de-salvador-recebe-exposicao-biomas-da-bahia\/","title":{"rendered":"Biblioteca Central de Salvador recebe exposi\u00e7\u00e3o \u2018Biomas da Bahia\u2019"},"content":{"rendered":"<p>A Secretaria do Meio Ambiente do Estado (Sema), por meio da Diretoria de Educa\u00e7\u00e3o Ambiental para a Sustentabilidade (DIEAS), realiza at\u00e9 o dia 18 de junho a exposi\u00e7\u00e3o Biomas da Bahia, no Hall de Entrada da Biblioteca Central do Estado, nos Barris, em Salvador.<\/p>\n<p>Aberta ao p\u00fablico de segunda a sexta-feira, das 9h \u00e0s 20h, a mostra apresenta os tr\u00eas biomas presentes no territ\u00f3rio baiano: Caatinga, Cerrado e Mata Atl\u00e2ntica. Por meio de pain\u00e9is informativos, estruturas montadas com pallets e uma TV que exibe imagens das paisagens e da biodiversidade de cada ecossistema.<\/p>\n<p>De acordo com Neildes Santana, coordenadora da DIEAS\/SPA, o objetivo \u00e9 sensibilizar o p\u00fablico para a import\u00e2ncia da conserva\u00e7\u00e3o ambiental, promovendo conhecimento e conex\u00e3o com os biomas do estado.<\/p>\n<p>\u201cA ideia da exposi\u00e7\u00e3o foi trazer elementos socioambientais dos biomas da Bahia. Trazemos representa\u00e7\u00f5es da Caatinga, do Cerrado e da Mata Atl\u00e2ntica para que os visitantes percebam suas diferentes composi\u00e7\u00f5es, densidade foliar, diversidade de esp\u00e9cies, elementos culturais e a abund\u00e2ncia desses ecossistemas\u201d, destacou.<\/p>\n","protected":false},"excerpt":{"rendered":"<p>A Secretaria do Meio Ambiente do Estado (Sema), por meio da Diretoria de Educa\u00e7\u00e3o Ambiental para a Sustentabilidade (DIEAS), realiza at\u00e9 o dia 18 de junho a exposi\u00e7\u00e3o Biomas da Bahia, no Hall de Entrada da Biblioteca Central do Estado, nos Barris, em Salvador. Aberta ao p\u00fablico de segunda a sexta-feira, das 9h \u00e0s 20h, [&hellip;]<\/p>\n","protected":false},"author":1,"featured_media":13097,"comment_status":"open","ping_status":"closed","sticky":false,"template":"","format":"standard","meta":{"jnews-multi-image_gallery":[],"jnews_single_post":[],"jnews_primary_category":[],"footnotes":""},"categories":[130],"tags":[],"class_list":["post-13095","post","type-post","status-publish","format-standard","has-post-thumbnail","hentry","category-exposicao"],"_links":{"self":[{"href":"https:\/\/cidadebaixaonline.com.br\/index.php\/wp-json\/wp\/v2\/posts\/13095","targetHints":{"allow":["GET"]}}],"collection":[{"href":"https:\/\/cidadebaixaonline.com.br\/index.php\/wp-json\/wp\/v2\/posts"}],"about":[{"href":"https:\/\/cidadebaixaonline.com.br\/index.php\/wp-json\/wp\/v2\/types\/post"}],"author":[{"embeddable":true,"href":"https:\/\/cidadebaixaonline.com.br\/index.php\/wp-json\/wp\/v2\/users\/1"}],"replies":[{"embeddable":true,"href":"https:\/\/cidadebaixaonline.com.br\/index.php\/wp-json\/wp\/v2\/comments?post=13095"}],"version-history":[{"count":1,"href":"https:\/\/cidadebaixaonline.com.br\/index.php\/wp-json\/wp\/v2\/posts\/13095\/revisions"}],"predecessor-version":[{"id":13096,"href":"https:\/\/cidadebaixaonline.com.br\/index.php\/wp-json\/wp\/v2\/posts\/13095\/revisions\/13096"}],"wp:featuredmedia":[{"embeddable":true,"href":"https:\/\/cidadebaixaonline.com.br\/index.php\/wp-json\/wp\/v2\/media\/13097"}],"wp:attachment":[{"href":"https:\/\/cidadebaixaonline.com.br\/index.php\/wp-json\/wp\/v2\/media?parent=13095"}],"wp:term":[{"taxonomy":"category","embeddable":true,"href":"https:\/\/cidadebaixaonline.com.br\/index.php\/wp-json\/wp\/v2\/categories?post=13095"},{"taxonomy":"post_tag","embeddable":true,"href":"https:\/\/cidadebaixaonline.com.br\/index.php\/wp-json\/wp\/v2\/tags?post=13095"}],"curies":[{"name":"wp","href":"https:\/\/api.w.org\/{rel}","templated":true}]}}