{"id":13064,"date":"2025-06-05T15:56:48","date_gmt":"2025-06-05T18:56:48","guid":{"rendered":"https:\/\/cidadebaixaonline.com.br\/?p=13064"},"modified":"2025-06-05T15:56:48","modified_gmt":"2025-06-05T18:56:48","slug":"morre-um-dos-fundadores-do-salvador-destination-silvio-pessoa","status":"publish","type":"post","link":"https:\/\/cidadebaixaonline.com.br\/index.php\/2025\/06\/05\/morre-um-dos-fundadores-do-salvador-destination-silvio-pessoa\/","title":{"rendered":"Morre um dos fundadores do Salvador Destination, Silvio Pessoa"},"content":{"rendered":"<p>\u00c9 com profundo pesar, familiares e o trade do turismo recebeu ontem o comunicado do falecimento de Silvio Pessoa, ga\u00facho de nascimento, por ado\u00e7\u00e3o, baiano e cidad\u00e3o soteropolitano, amigo, companheiro e profissional \u00a0do turismo e da cultura da Bahia.<\/p>\n<p>Silvio deixa um grande legado como trabalhador do turismo baiano, atuante como empres\u00e1rio e gestor em diversas associa\u00e7\u00f5es. Na cultura da Bahia, Silvio Pessoa atuou no entretenimento, deixando na noite do bo\u00eamio bairro do Rio Vermelho uma marca singular. Sua despedida ser\u00e1 no Jardim da Saudade em hor\u00e1rio a ser confirmado.<\/p>\n<p>Silvio Pessoa foi presidente do Conselho Baiano de Turismo, presidente da Febtur, presidente do sindicato de hot\u00e9is bares e restaurantes, diretor por muitos anos da ABIH.\u00a0 Silvio era um \u201cum homem generoso, sempre rodeado de amigos, um \u00edcone do rio vermelho! &#8220;Um pai, um amigo, um guerreiro que veio do Sul e venceu na vida aqui em Salvador\u201c afirmou seu grande amigo Roberto Duran, operador de eventos e ex-presidente do Conselho Baiano de Turismo e da Salvador Dastination. O vel\u00f3rio ser\u00e1 no Cemit\u00e9rio Jardim da Saudade, Capela E a partir das 14:30h. Em seguida, o seputamento est\u00e1 marcado para hoje (05\/06) \u00e0s 16h30.<\/p>\n","protected":false},"excerpt":{"rendered":"<p>\u00c9 com profundo pesar, familiares e o trade do turismo recebeu ontem o comunicado do falecimento de Silvio Pessoa, ga\u00facho de nascimento, por ado\u00e7\u00e3o, baiano e cidad\u00e3o soteropolitano, amigo, companheiro e profissional \u00a0do turismo e da cultura da Bahia. Silvio deixa um grande legado como trabalhador do turismo baiano, atuante como empres\u00e1rio e gestor em [&hellip;]<\/p>\n","protected":false},"author":1,"featured_media":13066,"comment_status":"open","ping_status":"closed","sticky":false,"template":"","format":"standard","meta":{"jnews-multi-image_gallery":[],"jnews_single_post":[],"jnews_primary_category":[],"footnotes":""},"categories":[85],"tags":[],"class_list":["post-13064","post","type-post","status-publish","format-standard","has-post-thumbnail","hentry","category-noticias"],"_links":{"self":[{"href":"https:\/\/cidadebaixaonline.com.br\/index.php\/wp-json\/wp\/v2\/posts\/13064","targetHints":{"allow":["GET"]}}],"collection":[{"href":"https:\/\/cidadebaixaonline.com.br\/index.php\/wp-json\/wp\/v2\/posts"}],"about":[{"href":"https:\/\/cidadebaixaonline.com.br\/index.php\/wp-json\/wp\/v2\/types\/post"}],"author":[{"embeddable":true,"href":"https:\/\/cidadebaixaonline.com.br\/index.php\/wp-json\/wp\/v2\/users\/1"}],"replies":[{"embeddable":true,"href":"https:\/\/cidadebaixaonline.com.br\/index.php\/wp-json\/wp\/v2\/comments?post=13064"}],"version-history":[{"count":1,"href":"https:\/\/cidadebaixaonline.com.br\/index.php\/wp-json\/wp\/v2\/posts\/13064\/revisions"}],"predecessor-version":[{"id":13065,"href":"https:\/\/cidadebaixaonline.com.br\/index.php\/wp-json\/wp\/v2\/posts\/13064\/revisions\/13065"}],"wp:featuredmedia":[{"embeddable":true,"href":"https:\/\/cidadebaixaonline.com.br\/index.php\/wp-json\/wp\/v2\/media\/13066"}],"wp:attachment":[{"href":"https:\/\/cidadebaixaonline.com.br\/index.php\/wp-json\/wp\/v2\/media?parent=13064"}],"wp:term":[{"taxonomy":"category","embeddable":true,"href":"https:\/\/cidadebaixaonline.com.br\/index.php\/wp-json\/wp\/v2\/categories?post=13064"},{"taxonomy":"post_tag","embeddable":true,"href":"https:\/\/cidadebaixaonline.com.br\/index.php\/wp-json\/wp\/v2\/tags?post=13064"}],"curies":[{"name":"wp","href":"https:\/\/api.w.org\/{rel}","templated":true}]}}