{"id":13055,"date":"2025-06-05T15:03:46","date_gmt":"2025-06-05T18:03:46","guid":{"rendered":"https:\/\/cidadebaixaonline.com.br\/?p=13055"},"modified":"2025-06-05T15:03:46","modified_gmt":"2025-06-05T18:03:46","slug":"its-anuncia-operacao-especial-durante-os-feriados-de-corpus-christi-e-sao-joao-confira","status":"publish","type":"post","link":"https:\/\/cidadebaixaonline.com.br\/index.php\/2025\/06\/05\/its-anuncia-operacao-especial-durante-os-feriados-de-corpus-christi-e-sao-joao-confira\/","title":{"rendered":"ITS anuncia opera\u00e7\u00e3o especial durante os feriados de Corpus Christi e S\u00e3o Jo\u00e3o; confira"},"content":{"rendered":"<p>A Internacional Travessias Salvador (ITS) informa que realizar\u00e1 opera\u00e7\u00e3o especial, entre os dias 17 e 25 de junho, para atender \u00e0 demanda ampliada de ve\u00edculos e passageiros durante os feriados de Corpus Christi e S\u00e3o Jo\u00e3o.<\/p>\n<p>No ano passado, a ITS registrou um fluxo de aproximadamente 71 mil passageiros e 9 mil ve\u00edculos no feriado de Corpus Christi, e de 134 mil passageiros e 20 mil ve\u00edculos no S\u00e3o Jo\u00e3o, considerando deslocamentos de sa\u00edda e retorno.<\/p>\n<p>Em 2025, a expectativa \u00e9 de amplia\u00e7\u00e3o desses n\u00fameros, considerando que os feriados ocorrer\u00e3o de forma sequencial: Corpus Christi no dia 19 de junho (quinta-feira) e S\u00e3o Jo\u00e3o no dia 24 de junho (ter\u00e7a-feira).<\/p>\n<p>Estar\u00e3o dispon\u00edveis os ferries: Maria Beth\u00e2nia, Anna Nery, Ivete Sangalo, Dorival Caymmi, Zumbi dos Palmares, Rio Paragua\u00e7u e Pinheiro. As viagens ocorrem de hora em hora, nos dois terminais, S\u00e3o Joaquim e Bom Despacho, em sa\u00eddas extras de acordo com a demanda e com a disponibilidade da frota, respeitando a necessidade de manuten\u00e7\u00e3o preventiva e corretiva das embarca\u00e7\u00f5es.<\/p>\n<p>A opera\u00e7\u00e3o especial contar\u00e1 com a atua\u00e7\u00e3o integrada das principais \u00e1reas (Opera\u00e7\u00e3o, Manuten\u00e7\u00e3o, Comunica\u00e7\u00e3o, Predial\/Limpeza, Seguran\u00e7a e Arrecada\u00e7\u00e3o), assegurando atendimento eficiente e seguro para os usu\u00e1rios.<\/p>\n<p><strong>A empresa informa que no Terminal de S\u00e3o Joaquim, em Salvador, o sistema vai operar de forma ininterrupta (ou \u201c24 horas\u201d) nas seguintes datas:<\/strong><\/p>\n<p>\u2013 Na virada do dia 18 para 19\/06 (quarta para quinta-feira)<\/p>\n<p>\u2013 Na virada do dia 19 para 20\/06 (quinta para sexta-feira)<\/p>\n<p><strong>No Terminal de Bom Despacho, em Itaparica, o servi\u00e7o ser\u00e1 \u201c24 horas\u201d nas datas:<\/strong><\/p>\n<p>\u2013 Na virada do dia 24 para 25\/06 (ter\u00e7a para quarta-feira)<\/p>\n<p>\u2013 Na virada do dia 25 para 26\/06 (quarta para quinta-feira)<\/p>\n<p>Hora Marcada<br \/>\nPara o servi\u00e7o de Hora Marcada, 640 vagas extras foram disponibilizadas e est\u00e3o \u00e0 venda pelo portal www.internacionaltravessias.com.br. O usu\u00e1rio tamb\u00e9m pode agendar a travessia de ve\u00edculos de passeio pelo SAC Digital no endere\u00e7o www.sacdigital.ba.gov.br.<\/p>\n<p>O setor de cart\u00f5es FerryCard funcionar\u00e1, excepcionalmente, at\u00e9 quarta-feira, dia 18, das 08h \u00e0s 12h e das 13h30 \u00e0s 17h. O atendimento ser\u00e1 retomado no dia 25, \u00e0s 08h, no Terminal S\u00e3o Joaquim. Para a troca do cart\u00e3o, \u00e9 necess\u00e1ria a presen\u00e7a do titular, portando documento oficial com foto.<\/p>\n<p>Como \u00e9 de costume em opera\u00e7\u00f5es especiais, o sistema conta com o apoio das pol\u00edcias Militar e Rodovi\u00e1ria, Transalvador, Secretaria de Transporte de Itaparica, Corpo de Bombeiros e Juizado de Menores.<\/p>\n","protected":false},"excerpt":{"rendered":"<p>A Internacional Travessias Salvador (ITS) informa que realizar\u00e1 opera\u00e7\u00e3o especial, entre os dias 17 e 25 de junho, para atender \u00e0 demanda ampliada de ve\u00edculos e passageiros durante os feriados de Corpus Christi e S\u00e3o Jo\u00e3o. No ano passado, a ITS registrou um fluxo de aproximadamente 71 mil passageiros e 9 mil ve\u00edculos no feriado [&hellip;]<\/p>\n","protected":false},"author":1,"featured_media":13057,"comment_status":"open","ping_status":"closed","sticky":false,"template":"","format":"standard","meta":{"jnews-multi-image_gallery":[],"jnews_single_post":[],"jnews_primary_category":[],"footnotes":""},"categories":[128],"tags":[],"class_list":["post-13055","post","type-post","status-publish","format-standard","has-post-thumbnail","hentry","category-ferry-boat"],"_links":{"self":[{"href":"https:\/\/cidadebaixaonline.com.br\/index.php\/wp-json\/wp\/v2\/posts\/13055","targetHints":{"allow":["GET"]}}],"collection":[{"href":"https:\/\/cidadebaixaonline.com.br\/index.php\/wp-json\/wp\/v2\/posts"}],"about":[{"href":"https:\/\/cidadebaixaonline.com.br\/index.php\/wp-json\/wp\/v2\/types\/post"}],"author":[{"embeddable":true,"href":"https:\/\/cidadebaixaonline.com.br\/index.php\/wp-json\/wp\/v2\/users\/1"}],"replies":[{"embeddable":true,"href":"https:\/\/cidadebaixaonline.com.br\/index.php\/wp-json\/wp\/v2\/comments?post=13055"}],"version-history":[{"count":1,"href":"https:\/\/cidadebaixaonline.com.br\/index.php\/wp-json\/wp\/v2\/posts\/13055\/revisions"}],"predecessor-version":[{"id":13056,"href":"https:\/\/cidadebaixaonline.com.br\/index.php\/wp-json\/wp\/v2\/posts\/13055\/revisions\/13056"}],"wp:featuredmedia":[{"embeddable":true,"href":"https:\/\/cidadebaixaonline.com.br\/index.php\/wp-json\/wp\/v2\/media\/13057"}],"wp:attachment":[{"href":"https:\/\/cidadebaixaonline.com.br\/index.php\/wp-json\/wp\/v2\/media?parent=13055"}],"wp:term":[{"taxonomy":"category","embeddable":true,"href":"https:\/\/cidadebaixaonline.com.br\/index.php\/wp-json\/wp\/v2\/categories?post=13055"},{"taxonomy":"post_tag","embeddable":true,"href":"https:\/\/cidadebaixaonline.com.br\/index.php\/wp-json\/wp\/v2\/tags?post=13055"}],"curies":[{"name":"wp","href":"https:\/\/api.w.org\/{rel}","templated":true}]}}