{"id":13052,"date":"2025-06-04T14:07:40","date_gmt":"2025-06-04T17:07:40","guid":{"rendered":"https:\/\/cidadebaixaonline.com.br\/?p=13052"},"modified":"2025-06-04T14:07:41","modified_gmt":"2025-06-04T17:07:41","slug":"monumentos-terao-iluminacao-especial-em-homenagem-ao-dia-mundial-do-meio-ambiente","status":"publish","type":"post","link":"https:\/\/cidadebaixaonline.com.br\/index.php\/2025\/06\/04\/monumentos-terao-iluminacao-especial-em-homenagem-ao-dia-mundial-do-meio-ambiente\/","title":{"rendered":"Monumentos ter\u00e3o ilumina\u00e7\u00e3o especial em homenagem ao Dia Mundial do Meio Ambiente"},"content":{"rendered":"<div class=\"conteudo_post\">\n<p>Monumentos e pontos tur\u00edsticos de Salvador ser\u00e3o iluminados em verde, nesta quarta (4) e quinta-feira (5), em homenagem ao Dia Mundial do Meio Ambiente, (5 de junho). A partir do final da tarde, o Monumento Cl\u00e9riston Andrade, na Avenida Garibaldi; o bambuzal do Aeroporto; a Casa Olodum, no Pelourinho; a Prefeitura-Bairro do Centro Hist\u00f3rico, na Pra\u00e7a da S\u00e9; os Arcos da Montanha, no Centro, e as esta\u00e7\u00f5es do BRT far\u00e3o refer\u00eancia \u00e0 data.<\/p>\n<p>A iniciativa \u00e9 da Secretaria Municipal de Sustentabilidade, Resili\u00eancia, Bem-Estar e Prote\u00e7\u00e3o Animal (Secis), em parceria com a Diretoria de Ilumina\u00e7\u00e3o P\u00fablica da Secretaria Municipal de Ordem P\u00fablica (Dsip\/Semop). O secret\u00e1rio da Secis, Ivan Euler, afirma que o objetivo da a\u00e7\u00e3o \u00e9 conscientizar sobre a urg\u00eancia de cuidados com os recursos naturais e incentivar a constru\u00e7\u00e3o de uma cidade mais sustent\u00e1vel, resiliente e comprometida com as futuras gera\u00e7\u00f5es.<\/p>\n<p>\u201cIluminar os principais pontos tur\u00edsticos da nossa cidade com a cor verde \u00e9 mais do que uma homenagem simb\u00f3lica ao Dia Mundial do Meio Ambiente \u2014 \u00e9 um convite \u00e0 reflex\u00e3o. A cor verde representa a vida, a esperan\u00e7a e o equil\u00edbrio com a natureza, valores que precisam estar\u00a0cada vez mais presentes nas pol\u00edticas p\u00fablicas e na rotina da popula\u00e7\u00e3o\u201d, disse.<\/p>\n<p>Essa n\u00e3o \u00e9 a primeira vez que os monumentos da cidade receberam ilumina\u00e7\u00e3o especial em homenagem a per\u00edodos festivos ou de reflex\u00e3o, como j\u00e1 ocorreu no Agosto Lil\u00e1s, Setembro Amarelo, Outubro Rosa e Novembro Azul. O diretor da Dsip\/Semop, \u00c2ngelo Magalh\u00e3es, afirmou que o Dia Mundial do Meio Ambiente \u00e9 uma data de grande import\u00e2ncia e frisou a import\u00e2ncia de chamar a aten\u00e7\u00e3o da popula\u00e7\u00e3o para a necessidade de preservar o patrim\u00f4nio natural.<\/p>\n<p>\u201cEm parceria com a Secis, tamb\u00e9m atuamos na adequa\u00e7\u00e3o da ilumina\u00e7\u00e3o nas \u00e1reas de desova das tartarugas marinhas, conforme as diretrizes da NBR 5101:2024, que recomenda o uso de lumin\u00e1rias com temperatura de cor quente, puxando para o amarelo, a fim de minimizar os impactos da fotopolui\u00e7\u00e3o sobre a fauna costeira. Al\u00e9m disso, nossa ilumina\u00e7\u00e3o em LED contribui para a efici\u00eancia energ\u00e9tica e para a redu\u00e7\u00e3o da emiss\u00e3o de gases poluentes que geram o efeito estufa, tudo isso alinhado aos princ\u00edpios de sustentabilidade que buscamos promover em Salvador\u201d, afirmou o gestor.<\/p>\n<\/div>\n<div id=\"div-share\"><\/div>\n","protected":false},"excerpt":{"rendered":"<p>Monumentos e pontos tur\u00edsticos de Salvador ser\u00e3o iluminados em verde, nesta quarta (4) e quinta-feira (5), em homenagem ao Dia Mundial do Meio Ambiente, (5 de junho). A partir do final da tarde, o Monumento Cl\u00e9riston Andrade, na Avenida Garibaldi; o bambuzal do Aeroporto; a Casa Olodum, no Pelourinho; a Prefeitura-Bairro do Centro Hist\u00f3rico, na [&hellip;]<\/p>\n","protected":false},"author":1,"featured_media":13054,"comment_status":"open","ping_status":"closed","sticky":false,"template":"","format":"standard","meta":{"jnews-multi-image_gallery":[],"jnews_single_post":[],"jnews_primary_category":[],"footnotes":""},"categories":[189],"tags":[],"class_list":["post-13052","post","type-post","status-publish","format-standard","has-post-thumbnail","hentry","category-dia-mundial-do-meio-ambiente"],"_links":{"self":[{"href":"https:\/\/cidadebaixaonline.com.br\/index.php\/wp-json\/wp\/v2\/posts\/13052","targetHints":{"allow":["GET"]}}],"collection":[{"href":"https:\/\/cidadebaixaonline.com.br\/index.php\/wp-json\/wp\/v2\/posts"}],"about":[{"href":"https:\/\/cidadebaixaonline.com.br\/index.php\/wp-json\/wp\/v2\/types\/post"}],"author":[{"embeddable":true,"href":"https:\/\/cidadebaixaonline.com.br\/index.php\/wp-json\/wp\/v2\/users\/1"}],"replies":[{"embeddable":true,"href":"https:\/\/cidadebaixaonline.com.br\/index.php\/wp-json\/wp\/v2\/comments?post=13052"}],"version-history":[{"count":1,"href":"https:\/\/cidadebaixaonline.com.br\/index.php\/wp-json\/wp\/v2\/posts\/13052\/revisions"}],"predecessor-version":[{"id":13053,"href":"https:\/\/cidadebaixaonline.com.br\/index.php\/wp-json\/wp\/v2\/posts\/13052\/revisions\/13053"}],"wp:featuredmedia":[{"embeddable":true,"href":"https:\/\/cidadebaixaonline.com.br\/index.php\/wp-json\/wp\/v2\/media\/13054"}],"wp:attachment":[{"href":"https:\/\/cidadebaixaonline.com.br\/index.php\/wp-json\/wp\/v2\/media?parent=13052"}],"wp:term":[{"taxonomy":"category","embeddable":true,"href":"https:\/\/cidadebaixaonline.com.br\/index.php\/wp-json\/wp\/v2\/categories?post=13052"},{"taxonomy":"post_tag","embeddable":true,"href":"https:\/\/cidadebaixaonline.com.br\/index.php\/wp-json\/wp\/v2\/tags?post=13052"}],"curies":[{"name":"wp","href":"https:\/\/api.w.org\/{rel}","templated":true}]}}