{"id":13049,"date":"2025-06-04T13:50:38","date_gmt":"2025-06-04T16:50:38","guid":{"rendered":"https:\/\/cidadebaixaonline.com.br\/?p=13049"},"modified":"2025-06-04T13:50:38","modified_gmt":"2025-06-04T16:50:38","slug":"basilica-do-bonfim-adota-reconhecimento-facial-para-garantir-seguranca-dos-fieis","status":"publish","type":"post","link":"https:\/\/cidadebaixaonline.com.br\/index.php\/2025\/06\/04\/basilica-do-bonfim-adota-reconhecimento-facial-para-garantir-seguranca-dos-fieis\/","title":{"rendered":"Bas\u00edlica do Bonfim adota reconhecimento facial para garantir seguran\u00e7a dos fi\u00e9is"},"content":{"rendered":"<p data-start=\"347\" data-end=\"684\">Em meio a recentes epis\u00f3dios de furto dentro de templos religiosos em Salvador, a Bas\u00edlica do Senhor do Bonfim refor\u00e7ou a import\u00e2ncia da vigil\u00e2ncia nos espa\u00e7os de f\u00e9 e anunciou que j\u00e1 conta com c\u00e2meras de reconhecimento facial, instaladas desde janeiro de 2025.<\/p>\n<p data-start=\"686\" data-end=\"1015\">O sistema, implantado em parceria com a Secretaria de Seguran\u00e7a P\u00fablica do Estado da Bahia, tem como objetivo garantir mais seguran\u00e7a aos fi\u00e9is e auxiliar na contagem de p\u00fablico durante as celebra\u00e7\u00f5es. A medida busca preservar a paz e a espiritualidade do ambiente, sem deixar de lado a responsabilidade com o bem-estar coletivo.<\/p>\n<p data-start=\"1017\" data-end=\"1217\">\u201cO zelo \u00e9 para garantir a seguran\u00e7a de todos. Lamentamos que pessoas entrem na Casa do Senhor para cometer crimes. Que Deus as perdoe e lhes conceda discernimento\u201d, diz a nota divulgada pela Bas\u00edlica.<\/p>\n<p data-start=\"1219\" data-end=\"1684\">O refor\u00e7o na seguran\u00e7a ocorre ap\u00f3s o registro de um furto na Par\u00f3quia Nossa Senhora da Vit\u00f3ria, tamb\u00e9m em Salvador. Imagens de c\u00e2meras de seguran\u00e7a flagraram duas mulheres subtraindo bolsas de fi\u00e9is que haviam deixado seus pertences nas cadeiras para se aproximar do altar. As suspeitas fugiram logo ap\u00f3s a a\u00e7\u00e3o. Testemunhas afirmam que o mesmo grupo j\u00e1 foi visto praticando delitos em pequenos com\u00e9rcios da regi\u00e3o. O caso est\u00e1 sendo investigado pela Pol\u00edcia Civil.<\/p>\n<p data-start=\"1686\" data-end=\"1927\">Na Bas\u00edlica do Bonfim, a orienta\u00e7\u00e3o \u00e9 que, em caso de ocorr\u00eancias, abordagens policiais sejam feitas fora da igreja ou em momento oportuno, preservando o ambiente lit\u00fargico. \u201cViva o Senhor do Bonfim da Bahia\u201d, finaliza a nota da institui\u00e7\u00e3o.<\/p>\n<p data-start=\"1686\" data-end=\"1927\">\n","protected":false},"excerpt":{"rendered":"<p>Em meio a recentes epis\u00f3dios de furto dentro de templos religiosos em Salvador, a Bas\u00edlica do Senhor do Bonfim refor\u00e7ou a import\u00e2ncia da vigil\u00e2ncia nos espa\u00e7os de f\u00e9 e anunciou que j\u00e1 conta com c\u00e2meras de reconhecimento facial, instaladas desde janeiro de 2025. O sistema, implantado em parceria com a Secretaria de Seguran\u00e7a P\u00fablica do [&hellip;]<\/p>\n","protected":false},"author":1,"featured_media":13051,"comment_status":"open","ping_status":"closed","sticky":false,"template":"","format":"standard","meta":{"jnews-multi-image_gallery":[],"jnews_single_post":[],"jnews_primary_category":[],"footnotes":""},"categories":[85],"tags":[],"class_list":["post-13049","post","type-post","status-publish","format-standard","has-post-thumbnail","hentry","category-noticias"],"_links":{"self":[{"href":"https:\/\/cidadebaixaonline.com.br\/index.php\/wp-json\/wp\/v2\/posts\/13049","targetHints":{"allow":["GET"]}}],"collection":[{"href":"https:\/\/cidadebaixaonline.com.br\/index.php\/wp-json\/wp\/v2\/posts"}],"about":[{"href":"https:\/\/cidadebaixaonline.com.br\/index.php\/wp-json\/wp\/v2\/types\/post"}],"author":[{"embeddable":true,"href":"https:\/\/cidadebaixaonline.com.br\/index.php\/wp-json\/wp\/v2\/users\/1"}],"replies":[{"embeddable":true,"href":"https:\/\/cidadebaixaonline.com.br\/index.php\/wp-json\/wp\/v2\/comments?post=13049"}],"version-history":[{"count":1,"href":"https:\/\/cidadebaixaonline.com.br\/index.php\/wp-json\/wp\/v2\/posts\/13049\/revisions"}],"predecessor-version":[{"id":13050,"href":"https:\/\/cidadebaixaonline.com.br\/index.php\/wp-json\/wp\/v2\/posts\/13049\/revisions\/13050"}],"wp:featuredmedia":[{"embeddable":true,"href":"https:\/\/cidadebaixaonline.com.br\/index.php\/wp-json\/wp\/v2\/media\/13051"}],"wp:attachment":[{"href":"https:\/\/cidadebaixaonline.com.br\/index.php\/wp-json\/wp\/v2\/media?parent=13049"}],"wp:term":[{"taxonomy":"category","embeddable":true,"href":"https:\/\/cidadebaixaonline.com.br\/index.php\/wp-json\/wp\/v2\/categories?post=13049"},{"taxonomy":"post_tag","embeddable":true,"href":"https:\/\/cidadebaixaonline.com.br\/index.php\/wp-json\/wp\/v2\/tags?post=13049"}],"curies":[{"name":"wp","href":"https:\/\/api.w.org\/{rel}","templated":true}]}}