{"id":13028,"date":"2025-06-03T13:44:39","date_gmt":"2025-06-03T16:44:39","guid":{"rendered":"https:\/\/cidadebaixaonline.com.br\/?p=13028"},"modified":"2025-06-03T13:44:40","modified_gmt":"2025-06-03T16:44:40","slug":"cms-celebra-dia-mundial-do-meio-ambiente-com-sessao-solene-nesta-quinta-feira-5","status":"publish","type":"post","link":"https:\/\/cidadebaixaonline.com.br\/index.php\/2025\/06\/03\/cms-celebra-dia-mundial-do-meio-ambiente-com-sessao-solene-nesta-quinta-feira-5\/","title":{"rendered":"CMS celebra Dia Mundial do Meio Ambiente com sess\u00e3o solene nesta quinta-feira (5)"},"content":{"rendered":"<p>A C\u00e2mara Municipal de Salvador realiza nesta quinta-feira (5) uma sess\u00e3o solene para comemorar o dia Mundial do Meio Ambiente. A atividade \u00e9 prevista no pr\u00f3prio regimento da C\u00e2mara, em seu artigo 247, dada a import\u00e2ncia da data. Aberta ao p\u00fablico, a sess\u00e3o contar\u00e1 com a presen\u00e7a dos vereadores e ser\u00e1 conduzida pelo presidente da Comiss\u00e3o de Planejamento Urbano e Meio Ambiente, Paulo Magalh\u00e3es Jr. (Uni\u00e3o), e pela l\u00edder da bancada de oposi\u00e7\u00e3o, Aladilce Souza (PCdoB).<\/p>\n<p>Al\u00e9m dos parlamentares, a sess\u00e3o pretende reunir representantes da sociedade civil e de organiza\u00e7\u00f5es ambientalistas. \u201cAo celebrar o Dia do Meio Ambiente, a C\u00e2mara Municipal refor\u00e7a o seu compromisso em debater pol\u00edticas p\u00fablicas sustent\u00e1veis para a cidade de Salvador\u201d, afirmou Paulo Magalh\u00e3es Jr. O evento ser\u00e1 realizado a partir das 9 horas no Centro de Cultura da C\u00e2mara, espa\u00e7o anexo que fica ao lado do Elevador Lacerda.<\/p>\n<p>A vereadora Aladilce tamb\u00e9m destacou a responsabilidade da C\u00e2mara em promover os debates e dialogar com a popula\u00e7\u00e3o sobre a pauta ambiental. \u201cQuando falamos de meio ambiente, n\u00e3o estamos falando apenas da preserva\u00e7\u00e3o de \u00e1reas verdes, mas de todo um conjunto socioecon\u00f4mico que impacta diretamente as nossas vidas e das futuras gera\u00e7\u00f5es. Estamos falando de qual projeto n\u00f3s queremos para as cidades, para os territ\u00f3rios e para o planeta, por isso \u00e9 fundamental ouvir pesquisadores, ambientalistas e tamb\u00e9m as popula\u00e7\u00f5es mais afetadas pelas mudan\u00e7as em curso\u201d, ressaltou.<\/p>\n<p>Foram convidados para compor a Mesa da Sess\u00e3o: as secretarias de Meio Ambiente do Munic\u00edpio e do Estado, a Universidade Federal da Bahia, representa\u00e7\u00e3o da sociedade civil e da Promotoria do Meio Ambiente do Minist\u00e9rio P\u00fablico da Bahia.<\/p>\n","protected":false},"excerpt":{"rendered":"<p>A C\u00e2mara Municipal de Salvador realiza nesta quinta-feira (5) uma sess\u00e3o solene para comemorar o dia Mundial do Meio Ambiente. A atividade \u00e9 prevista no pr\u00f3prio regimento da C\u00e2mara, em seu artigo 247, dada a import\u00e2ncia da data. Aberta ao p\u00fablico, a sess\u00e3o contar\u00e1 com a presen\u00e7a dos vereadores e ser\u00e1 conduzida pelo presidente da [&hellip;]<\/p>\n","protected":false},"author":1,"featured_media":13030,"comment_status":"open","ping_status":"closed","sticky":false,"template":"","format":"standard","meta":{"jnews-multi-image_gallery":[],"jnews_single_post":[],"jnews_primary_category":[],"footnotes":""},"categories":[189],"tags":[],"class_list":["post-13028","post","type-post","status-publish","format-standard","has-post-thumbnail","hentry","category-dia-mundial-do-meio-ambiente"],"_links":{"self":[{"href":"https:\/\/cidadebaixaonline.com.br\/index.php\/wp-json\/wp\/v2\/posts\/13028","targetHints":{"allow":["GET"]}}],"collection":[{"href":"https:\/\/cidadebaixaonline.com.br\/index.php\/wp-json\/wp\/v2\/posts"}],"about":[{"href":"https:\/\/cidadebaixaonline.com.br\/index.php\/wp-json\/wp\/v2\/types\/post"}],"author":[{"embeddable":true,"href":"https:\/\/cidadebaixaonline.com.br\/index.php\/wp-json\/wp\/v2\/users\/1"}],"replies":[{"embeddable":true,"href":"https:\/\/cidadebaixaonline.com.br\/index.php\/wp-json\/wp\/v2\/comments?post=13028"}],"version-history":[{"count":1,"href":"https:\/\/cidadebaixaonline.com.br\/index.php\/wp-json\/wp\/v2\/posts\/13028\/revisions"}],"predecessor-version":[{"id":13029,"href":"https:\/\/cidadebaixaonline.com.br\/index.php\/wp-json\/wp\/v2\/posts\/13028\/revisions\/13029"}],"wp:featuredmedia":[{"embeddable":true,"href":"https:\/\/cidadebaixaonline.com.br\/index.php\/wp-json\/wp\/v2\/media\/13030"}],"wp:attachment":[{"href":"https:\/\/cidadebaixaonline.com.br\/index.php\/wp-json\/wp\/v2\/media?parent=13028"}],"wp:term":[{"taxonomy":"category","embeddable":true,"href":"https:\/\/cidadebaixaonline.com.br\/index.php\/wp-json\/wp\/v2\/categories?post=13028"},{"taxonomy":"post_tag","embeddable":true,"href":"https:\/\/cidadebaixaonline.com.br\/index.php\/wp-json\/wp\/v2\/tags?post=13028"}],"curies":[{"name":"wp","href":"https:\/\/api.w.org\/{rel}","templated":true}]}}