{"id":13006,"date":"2025-06-02T09:22:49","date_gmt":"2025-06-02T12:22:49","guid":{"rendered":"https:\/\/cidadebaixaonline.com.br\/?p=13006"},"modified":"2025-06-02T09:22:49","modified_gmt":"2025-06-02T12:22:49","slug":"prefeitura-gasta-milhoes-para-reparar-danos-causados-por-vandalismo","status":"publish","type":"post","link":"https:\/\/cidadebaixaonline.com.br\/index.php\/2025\/06\/02\/prefeitura-gasta-milhoes-para-reparar-danos-causados-por-vandalismo\/","title":{"rendered":"Prefeitura gasta milh\u00f5es para reparar danos causados por vandalismo"},"content":{"rendered":"<div dir=\"auto\">Os ataques contra o patrim\u00f4nio p\u00fablico em Salvador t\u00eam causado preju\u00edzos e inseguran\u00e7a nos bairros da cidade. Desde furtos de cabos el\u00e9tricos, depreda\u00e7\u00e3o de monumentos, quebra de equipamentos de lazer e at\u00e9 destrui\u00e7\u00e3o de mobili\u00e1rio urbano rec\u00e9m-instalado, a conta recai sobre a administra\u00e7\u00e3o municipal, que j\u00e1 soma perdas milion\u00e1rias com reparos que poderiam ser evitados.<\/div>\n<div dir=\"auto\"><\/div>\n<div dir=\"auto\"><strong>Em 2024, a Prefeitura de Salvador desembolsou mais de R$ 600 mil somente com a recupera\u00e7\u00e3o de monumentos vandalizados. Embora alarmante, a quantia n\u00e3o representa a totalidade do impacto financeiro. O rombo causado por furtos e depreda\u00e7\u00f5es no sistema de ilumina\u00e7\u00e3o p\u00fablica, por exemplo, atingiu quase R$ 2 milh\u00f5es no mesmo ano, segundo levantamento da Secretaria Municipal de Ordem P\u00fablica (Semop).\u00a0<\/strong>Os dados mais recentes mostram que apenas entre janeiro e abril de 2025, foram registradas 398 ocorr\u00eancias envolvendo ataques \u00e0 rede de ilumina\u00e7\u00e3o da cidade, resultando na perda de mais de 10 mil metros de cabos el\u00e9tricos e um preju\u00edzo estimado em R$ 890 mil.<\/div>\n<div dir=\"auto\">\n<div dir=\"auto\"><strong>Em compara\u00e7\u00e3o com o mesmo per\u00edodo do ano anterior, o volume de cabos subtra\u00eddos quase dobrou, o que aponta para a sofistica\u00e7\u00e3o e expans\u00e3o da a\u00e7\u00e3o de criminosos. Regi\u00f5es como Brotas, Val\u00e9ria, Nova Bras\u00edlia, Uruguai, Lobato, Pituba, \u00c1guas Claras e Rio Vermelho aparecem entre as mais afetadas. Se engana que os danos ocorrem em locais desertos e sem ilumina\u00e7\u00e3o: pra\u00e7as, campos de futebol e vias rec\u00e9m-requalificadas tamb\u00e9m s\u00e3o alvos dos v\u00e2ndalos, cujos furtos e depreda\u00e7\u00f5es comprometem a seguran\u00e7a de pedestres e moradores.<\/strong><\/div>\n<div dir=\"auto\"><\/div>\n<div dir=\"auto\">Nos bairros mais perif\u00e9ricos, moradores relatam n\u00e3o apenas a repeti\u00e7\u00e3o das ocorr\u00eancias, mas tamb\u00e9m a aus\u00eancia de respostas efetivas. Em algumas localidades, como em Nova Bras\u00edlia e Val\u00e9ria, o vandalismo atinge inclusive equipamentos que ainda nem haviam sido oficialmente entregues \u00e0 popula\u00e7\u00e3o. No final de 2023, um campo de futebol em Val\u00e9ria foi alvo de tr\u00eas ataques seguidos: roubaram os refletores, os cabos e ainda destru\u00edram parte do alambrado.<\/div>\n<div dir=\"auto\"><\/div>\n<div dir=\"auto\">\n<div dir=\"auto\"><strong>Para tentar conter a escalada, a Prefeitura tem investido em tecnologias consideradas &#8220;antivandalismo&#8221;, com a instala\u00e7\u00e3o de postes blindados e a substitui\u00e7\u00e3o de fios de cobre por materiais menos visados, como o alum\u00ednio. A Diretoria de Servi\u00e7os de Ilumina\u00e7\u00e3o P\u00fablica (Dsip), vinculada \u00e0 Semop, afirma que monitora diariamente os pontos cr\u00edticos e mant\u00e9m frentes de atua\u00e7\u00e3o emergencial para reposi\u00e7\u00e3o dos danos.<\/strong><\/div>\n<div dir=\"auto\"><\/div>\n<div dir=\"auto\">A Guarda Civil Municipal refor\u00e7ou o patrulhamento preventivo em \u00e1reas com hist\u00f3rico de ocorr\u00eancias e ampliou o uso do videomonitoramento do CICOMV \u2014 Centro Integrado de Intelig\u00eancia, Comando e Videomonitoramento \u2014 mas admite que o desafio \u00e9 de longo prazo.<\/div>\n<div dir=\"auto\"><\/div>\n<div dir=\"auto\">A atua\u00e7\u00e3o das for\u00e7as de seguran\u00e7a enfrenta tamb\u00e9m a dificuldade de flagrante. Segundo a Guarda Municipal, muitos desses furtos ocorrem de madrugada e os criminosos usam uniformes falsos, se passando por equipes de manuten\u00e7\u00e3o. O crime de dano ao patrim\u00f4nio p\u00fablico \u00e9 previsto no artigo 163 do C\u00f3digo Penal, com pena de deten\u00e7\u00e3o de seis meses a tr\u00eas anos. Ainda assim, a impunidade e a revenda clandestina de materiais furtados \u2014 sobretudo o cobre \u2014 alimentam a pr\u00e1tica.<\/div>\n<div dir=\"auto\"><\/div>\n<div dir=\"auto\"><strong>Monumentos &#8211; Monumentos art\u00edsticos e hist\u00f3ricos tamb\u00e9m n\u00e3o escapam. Entre os alvos est\u00e3o esculturas na Barra, no Campo Grande e no Com\u00e9rcio, onde picha\u00e7\u00f5es, quebras e tentativas de furto de pe\u00e7as met\u00e1licas foram frequentes. Especialistas acreditam que parte da maioria decorre de puro vandalismo e tr\u00e1fico de sucata. A restaura\u00e7\u00e3o desses bens exige servi\u00e7os especializados, o que eleva os custos e retarda a reposi\u00e7\u00e3o.<\/strong><\/div>\n<div dir=\"auto\"><\/div>\n<div dir=\"auto\">A prefeitura refor\u00e7a que a popula\u00e7\u00e3o pode \u2014 e deve \u2014 colaborar. As den\u00fancias de atos de vandalismo podem ser feitas pelo telefone 156 ou diretamente pelo WhatsApp da Guarda Civil Municipal: (71) 99623-4955.<\/div>\n<\/div>\n<\/div>\n","protected":false},"excerpt":{"rendered":"<p>Os ataques contra o patrim\u00f4nio p\u00fablico em Salvador t\u00eam causado preju\u00edzos e inseguran\u00e7a nos bairros da cidade. Desde furtos de cabos el\u00e9tricos, depreda\u00e7\u00e3o de monumentos, quebra de equipamentos de lazer e at\u00e9 destrui\u00e7\u00e3o de mobili\u00e1rio urbano rec\u00e9m-instalado, a conta recai sobre a administra\u00e7\u00e3o municipal, que j\u00e1 soma perdas milion\u00e1rias com reparos que poderiam ser evitados. [&hellip;]<\/p>\n","protected":false},"author":1,"featured_media":13008,"comment_status":"open","ping_status":"closed","sticky":false,"template":"","format":"standard","meta":{"jnews-multi-image_gallery":[],"jnews_single_post":[],"jnews_primary_category":[],"footnotes":""},"categories":[186],"tags":[],"class_list":["post-13006","post","type-post","status-publish","format-standard","has-post-thumbnail","hentry","category-vandalismo"],"_links":{"self":[{"href":"https:\/\/cidadebaixaonline.com.br\/index.php\/wp-json\/wp\/v2\/posts\/13006","targetHints":{"allow":["GET"]}}],"collection":[{"href":"https:\/\/cidadebaixaonline.com.br\/index.php\/wp-json\/wp\/v2\/posts"}],"about":[{"href":"https:\/\/cidadebaixaonline.com.br\/index.php\/wp-json\/wp\/v2\/types\/post"}],"author":[{"embeddable":true,"href":"https:\/\/cidadebaixaonline.com.br\/index.php\/wp-json\/wp\/v2\/users\/1"}],"replies":[{"embeddable":true,"href":"https:\/\/cidadebaixaonline.com.br\/index.php\/wp-json\/wp\/v2\/comments?post=13006"}],"version-history":[{"count":1,"href":"https:\/\/cidadebaixaonline.com.br\/index.php\/wp-json\/wp\/v2\/posts\/13006\/revisions"}],"predecessor-version":[{"id":13007,"href":"https:\/\/cidadebaixaonline.com.br\/index.php\/wp-json\/wp\/v2\/posts\/13006\/revisions\/13007"}],"wp:featuredmedia":[{"embeddable":true,"href":"https:\/\/cidadebaixaonline.com.br\/index.php\/wp-json\/wp\/v2\/media\/13008"}],"wp:attachment":[{"href":"https:\/\/cidadebaixaonline.com.br\/index.php\/wp-json\/wp\/v2\/media?parent=13006"}],"wp:term":[{"taxonomy":"category","embeddable":true,"href":"https:\/\/cidadebaixaonline.com.br\/index.php\/wp-json\/wp\/v2\/categories?post=13006"},{"taxonomy":"post_tag","embeddable":true,"href":"https:\/\/cidadebaixaonline.com.br\/index.php\/wp-json\/wp\/v2\/tags?post=13006"}],"curies":[{"name":"wp","href":"https:\/\/api.w.org\/{rel}","templated":true}]}}