{"id":13001,"date":"2025-06-02T08:55:12","date_gmt":"2025-06-02T11:55:12","guid":{"rendered":"https:\/\/cidadebaixaonline.com.br\/?p=13001"},"modified":"2025-06-02T08:55:13","modified_gmt":"2025-06-02T11:55:13","slug":"zoologico-de-salvador-e-reaberto-com-novas-atracoes-e-reforco-na-seguranca","status":"publish","type":"post","link":"https:\/\/cidadebaixaonline.com.br\/index.php\/2025\/06\/02\/zoologico-de-salvador-e-reaberto-com-novas-atracoes-e-reforco-na-seguranca\/","title":{"rendered":"Zool\u00f3gico de Salvador \u00e9 reaberto com novas atra\u00e7\u00f5es e refor\u00e7o na seguran\u00e7a"},"content":{"rendered":"<p>Um dos rol\u00eas mais cobi\u00e7ados pelas fam\u00edlias de Salvador vai voltar a funcionar. Na tarde de ontem, o governador Jer\u00f4nimo Rodrigues (PT) esteve presente no Parque Zoobot\u00e2nico Get\u00falio Vargas para anunciar a entrega da primeira etapa das obras de requalifica\u00e7\u00e3o do zool\u00f3gico. O espa\u00e7o, em Ondina, estava fechado h\u00e1 tr\u00eas meses para obras e voltar\u00e1 a funcionar normalmente amanh\u00e3. A entrada \u00e9 gratuita e uma s\u00e9rie de novidades foi inclu\u00edda no local.<\/p>\n<p>A primeira fase das obras, que contou com investimento de R$ 5 milh\u00f5es do Governo do Estado e inclui a revitaliza\u00e7\u00e3o do avi\u00e1rio, da Ilha dos Macacos, do felin\u00e1rio, al\u00e9m de quiosques e pistas de acesso.<\/p>\n<p>Uma das principais queixas de quem frequentava o ambiente era a seguran\u00e7a. Com a reabertura, o zool\u00f3gico passa a contar com um posto da Pol\u00edcia Militar da Bahia e policiamento refor\u00e7ado. Al\u00e9m disso, \u00e1reas como o avi\u00e1rio, o felin\u00e1rio e algumas pistas de acesso foram reformadas. \u201cN\u00f3s combinamos com os permission\u00e1rios e com a popula\u00e7\u00e3o que precis\u00e1vamos fazer uma manuten\u00e7\u00e3o. Encerramos ele em mar\u00e7o e ficamos esse per\u00edodo fazendo todas as adequa\u00e7\u00f5es\u201d, comentou Jer\u00f4nimo Rodrigues.<\/p>\n<p>Um dos pontos destacados pelo governador \u00e9 a conversa com os vendedores ambulantes que trabalham no local. Pela primeira vez na hist\u00f3ria, a categoria poder\u00e1 exercer sua profiss\u00e3o dentro do zool\u00f3gico de forma legalizada. \u201cN\u00f3s n\u00e3o paramos o servi\u00e7o com os animais e tamb\u00e9m n\u00e3o deixamos de dar aten\u00e7\u00e3o aos permission\u00e1rios. Esse tempo todo foi de constru\u00e7\u00e3o para encontrarmos sa\u00eddas que viabilizassem que eles viessem com sua situa\u00e7\u00e3o regularizada\u201d, afirmou.<\/p>\n<p>Na pr\u00f3xima quinta-feira ser\u00e1 comemorado o Dia Mundial do Meio Ambiente, e a reabertura do zool\u00f3gico faz parte de um calend\u00e1rio de atividades voltadas para o tema, que ser\u00e3o realizadas por Jer\u00f4nimo. \u201cEste m\u00eas de junho ser\u00e1 uma experimenta\u00e7\u00e3o para o governador. Eu serei um governador plantador de \u00e1rvores. Onde eu estiver e puder plantar uma \u00e1rvore, eu farei isso\u201d, contou.<\/p>\n<p>O equipamento \u00e9 gerido pela Secretaria de Meio Ambiente do Estado (Sema). Eduardo Sodr\u00e9, secret\u00e1rio da pasta, destacou a import\u00e2ncia do local para a popula\u00e7\u00e3o de Salvador. \u201c\u00c9 um equipamento \u00fanico, em que voc\u00ea tem imers\u00e3o em um ambiente de Mata Atl\u00e2ntica, possibilidade de acesso f\u00e1cil com o transporte p\u00fablico e, ao mesmo tempo, conex\u00e3o com a natureza\u201d, afirmou.<\/p>\n<p>Reconhecimento<\/p>\n<p>Um dos convidados ilustres na tarde de ontem foi o senador Jaques Wagner. O ex-governador da Bahia relembrou que, durante seu mandato no estado, tamb\u00e9m liderou algumas obras destinadas ao zool\u00f3gico. \u201cEu acho que o zoo sempre foi um programa de domingo das fam\u00edlias, principalmente do nosso pessoal, das fam\u00edlias mais simples. As crian\u00e7as gostam de bicho, mata, flores, ent\u00e3o a gente deu uma reformada boa\u201d, completou.<\/p>\n<p>O senador n\u00e3o poupou elogios ao primeiro mandato de Jer\u00f4nimo no cargo. Wagner destacou o trabalho do colega petista em visitar comunidades e munic\u00edpios. \u201cEu avalio muito bem. Acho que Jer\u00f4nimo tem feito um trabalho de visitar todas as comunidades, munic\u00edpios \u2014 um trabalho que \u00e9 incans\u00e1vel para ele. Realmente, ele tem uma energia impressionante, al\u00e9m de fazer administrativamente o que precisa\u201d, ressaltou.<\/p>\n","protected":false},"excerpt":{"rendered":"<p>Um dos rol\u00eas mais cobi\u00e7ados pelas fam\u00edlias de Salvador vai voltar a funcionar. Na tarde de ontem, o governador Jer\u00f4nimo Rodrigues (PT) esteve presente no Parque Zoobot\u00e2nico Get\u00falio Vargas para anunciar a entrega da primeira etapa das obras de requalifica\u00e7\u00e3o do zool\u00f3gico. O espa\u00e7o, em Ondina, estava fechado h\u00e1 tr\u00eas meses para obras e voltar\u00e1 [&hellip;]<\/p>\n","protected":false},"author":1,"featured_media":13003,"comment_status":"open","ping_status":"closed","sticky":false,"template":"","format":"standard","meta":{"jnews-multi-image_gallery":[],"jnews_single_post":[],"jnews_primary_category":[],"footnotes":""},"categories":[85],"tags":[],"class_list":["post-13001","post","type-post","status-publish","format-standard","has-post-thumbnail","hentry","category-noticias"],"_links":{"self":[{"href":"https:\/\/cidadebaixaonline.com.br\/index.php\/wp-json\/wp\/v2\/posts\/13001","targetHints":{"allow":["GET"]}}],"collection":[{"href":"https:\/\/cidadebaixaonline.com.br\/index.php\/wp-json\/wp\/v2\/posts"}],"about":[{"href":"https:\/\/cidadebaixaonline.com.br\/index.php\/wp-json\/wp\/v2\/types\/post"}],"author":[{"embeddable":true,"href":"https:\/\/cidadebaixaonline.com.br\/index.php\/wp-json\/wp\/v2\/users\/1"}],"replies":[{"embeddable":true,"href":"https:\/\/cidadebaixaonline.com.br\/index.php\/wp-json\/wp\/v2\/comments?post=13001"}],"version-history":[{"count":1,"href":"https:\/\/cidadebaixaonline.com.br\/index.php\/wp-json\/wp\/v2\/posts\/13001\/revisions"}],"predecessor-version":[{"id":13002,"href":"https:\/\/cidadebaixaonline.com.br\/index.php\/wp-json\/wp\/v2\/posts\/13001\/revisions\/13002"}],"wp:featuredmedia":[{"embeddable":true,"href":"https:\/\/cidadebaixaonline.com.br\/index.php\/wp-json\/wp\/v2\/media\/13003"}],"wp:attachment":[{"href":"https:\/\/cidadebaixaonline.com.br\/index.php\/wp-json\/wp\/v2\/media?parent=13001"}],"wp:term":[{"taxonomy":"category","embeddable":true,"href":"https:\/\/cidadebaixaonline.com.br\/index.php\/wp-json\/wp\/v2\/categories?post=13001"},{"taxonomy":"post_tag","embeddable":true,"href":"https:\/\/cidadebaixaonline.com.br\/index.php\/wp-json\/wp\/v2\/tags?post=13001"}],"curies":[{"name":"wp","href":"https:\/\/api.w.org\/{rel}","templated":true}]}}