{"id":12995,"date":"2025-05-30T15:16:13","date_gmt":"2025-05-30T18:16:13","guid":{"rendered":"https:\/\/cidadebaixaonline.com.br\/?p=12995"},"modified":"2025-05-30T15:16:13","modified_gmt":"2025-05-30T18:16:13","slug":"salvador-sediara-1o-forum-nautico-internacional","status":"publish","type":"post","link":"https:\/\/cidadebaixaonline.com.br\/index.php\/2025\/05\/30\/salvador-sediara-1o-forum-nautico-internacional\/","title":{"rendered":"Salvador sediar\u00e1 1\u00ba F\u00f3rum N\u00e1utico Internacional"},"content":{"rendered":"<p class=\"p3\">Salvador ser\u00e1 palco, no pr\u00f3ximo dia 30 de maio, do 1\u00ba F\u00f3rum N\u00e1utico Internacional da Associa\u00e7\u00e3o N\u00e1utica da Bahia (ANB), evento que marca um importante passo para o fortalecimento da Cultura N\u00e1utica e da Economia do Mar na capital baiana. A iniciativa, que contar\u00e1 com a presen\u00e7a de especialistas nacionais e internacionais, \u00e9 realizada em parceria com a Confraria Europeia da Vela (CEV) e a Associa\u00e7\u00e3o Galega de Atividades N\u00e1uticas (AGAN+). O evento acontecer\u00e1 no Com\u00e9rcio, no im\u00f3vel centen\u00e1rio onde funcionou a Unidompedro.<\/p>\n<p class=\"p3\">Com foco na troca de experi\u00eancias bem-sucedidas ao redor do mundo, o f\u00f3rum busca promover o debate sobre estrat\u00e9gias sustent\u00e1veis para o desenvolvimento do setor n\u00e1utico, especialmente na Ba\u00eda de Todos-os-Santos, considerada um dos maiores ativos naturais e tur\u00edsticos da regi\u00e3o, ainda pouco explorada sob uma perspectiva econ\u00f4mica estruturada de acordo com os organizadores. \u201cA Ba\u00eda de Todos-os-Santos tem um potencial imenso. Trazer experi\u00eancias de fora \u00e9 um passo essencial para pensarmos o turismo e a economia do mar de forma mais estrat\u00e9gica e sustent\u00e1vel\u201d, afirma Santiago Campo, presidente da ANB.<\/p>\n<p class=\"p3\">O encontro vai reunir representantes de entidades do setor, gestores p\u00fablicos, empres\u00e1rios, acad\u00eamicos e interessados no tema. Pedro Costa, presidente do Conselho de Turismo do estado e diretor de turismo da ANB, destaca a relev\u00e2ncia hist\u00f3rica e estrat\u00e9gica da Ba\u00eda de Todos-os-Santos para a constru\u00e7\u00e3o da identidade n\u00e1utica do Brasil e refor\u00e7a o papel da Bahia como ber\u00e7o do turismo nacional. \u201cEste \u00e9 um f\u00f3rum in\u00e9dito e de fundamental import\u00e2ncia para a n\u00e1utica no nosso estado. A Bahia \u00e9 o ventre de onde nasceu o Brasil e a Ba\u00eda de Todos-os Santos deu r\u00e9gua e compasso para Portugal consolidar o governo da col\u00f4nia. O F\u00f3rum vai ressaltar essas caracter\u00edsticas \u00fanicas, mostrando como a n\u00e1utica pode impulsionar a economia do destino e fortalecer o turismo de forma estruturada e sustent\u00e1vel\u201d, pontuou.<\/p>\n<p class=\"p3\">Maria Eduarda Lomanto, secret\u00e1ria do Mar de Salvador refor\u00e7a a import\u00e2ncia estrat\u00e9gica do f\u00f3rum e os benef\u00edcios para a popula\u00e7\u00e3o. \u201cQueremos que Salvador seja reconhecida como a capital da Amaz\u00f4nia Azul. Que o mundo conhe\u00e7a a potencialidade e a grandiosidade da Ba\u00eda de Todos-os-Santos, n\u00e3o s\u00f3 pela sua beleza natural, mas tamb\u00e9m pelo ponto de vista do desenvolvimento econ\u00f4mico e social. Esta \u00e9 uma oportunidade para troca de conhecimentos e incentivar a gera\u00e7\u00e3o de emprego, renda e qualidade de vida, A Secretaria do Mar tem a responsabilidade de fazer parcerias, de construir rela\u00e7\u00f5es institucionais para que isso aconte\u00e7a\u201d, afirmou.<\/p>\n","protected":false},"excerpt":{"rendered":"<p>Salvador ser\u00e1 palco, no pr\u00f3ximo dia 30 de maio, do 1\u00ba F\u00f3rum N\u00e1utico Internacional da Associa\u00e7\u00e3o N\u00e1utica da Bahia (ANB), evento que marca um importante passo para o fortalecimento da Cultura N\u00e1utica e da Economia do Mar na capital baiana. A iniciativa, que contar\u00e1 com a presen\u00e7a de especialistas nacionais e internacionais, \u00e9 realizada em [&hellip;]<\/p>\n","protected":false},"author":1,"featured_media":12997,"comment_status":"open","ping_status":"closed","sticky":false,"template":"","format":"standard","meta":{"jnews-multi-image_gallery":[],"jnews_single_post":[],"jnews_primary_category":[],"footnotes":""},"categories":[185],"tags":[],"class_list":["post-12995","post","type-post","status-publish","format-standard","has-post-thumbnail","hentry","category-forum-nautico-internacional"],"_links":{"self":[{"href":"https:\/\/cidadebaixaonline.com.br\/index.php\/wp-json\/wp\/v2\/posts\/12995","targetHints":{"allow":["GET"]}}],"collection":[{"href":"https:\/\/cidadebaixaonline.com.br\/index.php\/wp-json\/wp\/v2\/posts"}],"about":[{"href":"https:\/\/cidadebaixaonline.com.br\/index.php\/wp-json\/wp\/v2\/types\/post"}],"author":[{"embeddable":true,"href":"https:\/\/cidadebaixaonline.com.br\/index.php\/wp-json\/wp\/v2\/users\/1"}],"replies":[{"embeddable":true,"href":"https:\/\/cidadebaixaonline.com.br\/index.php\/wp-json\/wp\/v2\/comments?post=12995"}],"version-history":[{"count":1,"href":"https:\/\/cidadebaixaonline.com.br\/index.php\/wp-json\/wp\/v2\/posts\/12995\/revisions"}],"predecessor-version":[{"id":12996,"href":"https:\/\/cidadebaixaonline.com.br\/index.php\/wp-json\/wp\/v2\/posts\/12995\/revisions\/12996"}],"wp:featuredmedia":[{"embeddable":true,"href":"https:\/\/cidadebaixaonline.com.br\/index.php\/wp-json\/wp\/v2\/media\/12997"}],"wp:attachment":[{"href":"https:\/\/cidadebaixaonline.com.br\/index.php\/wp-json\/wp\/v2\/media?parent=12995"}],"wp:term":[{"taxonomy":"category","embeddable":true,"href":"https:\/\/cidadebaixaonline.com.br\/index.php\/wp-json\/wp\/v2\/categories?post=12995"},{"taxonomy":"post_tag","embeddable":true,"href":"https:\/\/cidadebaixaonline.com.br\/index.php\/wp-json\/wp\/v2\/tags?post=12995"}],"curies":[{"name":"wp","href":"https:\/\/api.w.org\/{rel}","templated":true}]}}