{"id":12981,"date":"2025-05-29T17:18:50","date_gmt":"2025-05-29T20:18:50","guid":{"rendered":"https:\/\/cidadebaixaonline.com.br\/?p=12981"},"modified":"2025-05-29T17:18:50","modified_gmt":"2025-05-29T20:18:50","slug":"obras-no-tca-modificam-acesso-a-concha-acustica-em-salvador","status":"publish","type":"post","link":"https:\/\/cidadebaixaonline.com.br\/index.php\/2025\/05\/29\/obras-no-tca-modificam-acesso-a-concha-acustica-em-salvador\/","title":{"rendered":"Obras no TCA modificam acesso \u00e0 Concha Ac\u00fastica em Salvador"},"content":{"rendered":"<p>A Concha Ac\u00fastica do Teatro Castro Alves (TCA), em Salvador, est\u00e1 com novo esquema de acesso devido \u00e0s obras de requalifica\u00e7\u00e3o em andamento no complexo cultural. A entrada ao espa\u00e7o passa a ser feita exclusivamente pela Ladeira da Fonte, na parte baixa do TCA.<\/p>\n<p>Para quem vem do Campo Grande, a orienta\u00e7\u00e3o \u00e9 seguir pela rua entre a Igreja Si\u00e3o e a Galeria Forte de S\u00e3o Pedro.<\/p>\n<p>Al\u00e9m disso, a bilheteria f\u00edsica foi transferida para esse novo ponto de acesso, funcionando de segunda a s\u00e1bado, das 11h \u00e0s 19h \u2014 estendendo o hor\u00e1rio at\u00e9 21h em dias de evento.<\/p>\n<p>O estacionamento do local est\u00e1 temporariamente desativado. A dire\u00e7\u00e3o do TCA recomenda o uso de transporte coletivo, aplicativos de mobilidade ou caronas como alternativa para facilitar o deslocamento.<\/p>\n<p>As altera\u00e7\u00f5es fazem parte das obras de requalifica\u00e7\u00e3o do TCA, que abriga espa\u00e7os importantes para a cultura, como a Orquestra Sinf\u00f4nica da Bahia (OSBA). O grupo musical, criado em 1982, tem papel central na forma\u00e7\u00e3o e difus\u00e3o musical no estado.<\/p>\n","protected":false},"excerpt":{"rendered":"<p>A Concha Ac\u00fastica do Teatro Castro Alves (TCA), em Salvador, est\u00e1 com novo esquema de acesso devido \u00e0s obras de requalifica\u00e7\u00e3o em andamento no complexo cultural. A entrada ao espa\u00e7o passa a ser feita exclusivamente pela Ladeira da Fonte, na parte baixa do TCA. Para quem vem do Campo Grande, a orienta\u00e7\u00e3o \u00e9 seguir pela [&hellip;]<\/p>\n","protected":false},"author":1,"featured_media":12983,"comment_status":"open","ping_status":"closed","sticky":false,"template":"","format":"standard","meta":{"jnews-multi-image_gallery":[],"jnews_single_post":[],"jnews_primary_category":[],"footnotes":""},"categories":[85],"tags":[],"class_list":["post-12981","post","type-post","status-publish","format-standard","has-post-thumbnail","hentry","category-noticias"],"_links":{"self":[{"href":"https:\/\/cidadebaixaonline.com.br\/index.php\/wp-json\/wp\/v2\/posts\/12981","targetHints":{"allow":["GET"]}}],"collection":[{"href":"https:\/\/cidadebaixaonline.com.br\/index.php\/wp-json\/wp\/v2\/posts"}],"about":[{"href":"https:\/\/cidadebaixaonline.com.br\/index.php\/wp-json\/wp\/v2\/types\/post"}],"author":[{"embeddable":true,"href":"https:\/\/cidadebaixaonline.com.br\/index.php\/wp-json\/wp\/v2\/users\/1"}],"replies":[{"embeddable":true,"href":"https:\/\/cidadebaixaonline.com.br\/index.php\/wp-json\/wp\/v2\/comments?post=12981"}],"version-history":[{"count":1,"href":"https:\/\/cidadebaixaonline.com.br\/index.php\/wp-json\/wp\/v2\/posts\/12981\/revisions"}],"predecessor-version":[{"id":12982,"href":"https:\/\/cidadebaixaonline.com.br\/index.php\/wp-json\/wp\/v2\/posts\/12981\/revisions\/12982"}],"wp:featuredmedia":[{"embeddable":true,"href":"https:\/\/cidadebaixaonline.com.br\/index.php\/wp-json\/wp\/v2\/media\/12983"}],"wp:attachment":[{"href":"https:\/\/cidadebaixaonline.com.br\/index.php\/wp-json\/wp\/v2\/media?parent=12981"}],"wp:term":[{"taxonomy":"category","embeddable":true,"href":"https:\/\/cidadebaixaonline.com.br\/index.php\/wp-json\/wp\/v2\/categories?post=12981"},{"taxonomy":"post_tag","embeddable":true,"href":"https:\/\/cidadebaixaonline.com.br\/index.php\/wp-json\/wp\/v2\/tags?post=12981"}],"curies":[{"name":"wp","href":"https:\/\/api.w.org\/{rel}","templated":true}]}}