{"id":12973,"date":"2025-05-28T16:24:04","date_gmt":"2025-05-28T19:24:04","guid":{"rendered":"https:\/\/cidadebaixaonline.com.br\/?p=12973"},"modified":"2025-05-28T16:24:05","modified_gmt":"2025-05-28T19:24:05","slug":"salvador-recebe-especialistas-mundiais-no-1o-forum-nautico-internacional","status":"publish","type":"post","link":"https:\/\/cidadebaixaonline.com.br\/index.php\/2025\/05\/28\/salvador-recebe-especialistas-mundiais-no-1o-forum-nautico-internacional\/","title":{"rendered":"Salvador recebe especialistas mundiais no 1\u00ba F\u00f3rum N\u00e1utico Internacional"},"content":{"rendered":"<p data-start=\"272\" data-end=\"712\">Salvador foi escolhida para sediar o 1\u00ba F\u00f3rum N\u00e1utico Internacional da Associa\u00e7\u00e3o N\u00e1utica da Bahia (ANB), que acontece nesta sexta-feira (30), no antigo pr\u00e9dio da Faculdade Unidompedro, no Com\u00e9rcio, em frente \u00e0 Pra\u00e7a da Inglaterra. O encontro, que tem como foco a troca de experi\u00eancias sobre boas pr\u00e1ticas do setor n\u00e1utico no Brasil e no mundo, conta com especialistas de Salvador e de outros pa\u00edses. As inscri\u00e7\u00f5es j\u00e1 est\u00e3o esgotadas.<\/p>\n<p data-start=\"714\" data-end=\"1102\">O evento busca fomentar o debate sobre estrat\u00e9gias sustent\u00e1veis para o desenvolvimento do setor n\u00e1utico, abordando temas como turismo, infraestrutura e sustentabilidade no litoral baiano e brasileiro. A realiza\u00e7\u00e3o \u00e9 da Prefeitura de Salvador, por meio da Secretaria do Mar, em parceria com a Confraria Europeia da Vela (CEV) e a Associa\u00e7\u00e3o Galega de Atividades N\u00e1uticas (AGAN+).<\/p>\n<p data-start=\"1104\" data-end=\"1425\">Participam do f\u00f3rum gestores p\u00fablicos, representantes de entidades do setor, empres\u00e1rios, acad\u00eamicos e profissionais da \u00e1rea. A secret\u00e1ria do Mar de Salvador, Maria Eduarda Lomanto, destaca a import\u00e2ncia estrat\u00e9gica do evento, com o objetivo de fortalecer a imagem da cidade no cen\u00e1rio n\u00e1utico nacional e internacional.<\/p>\n<p data-start=\"1427\" data-end=\"1777\">\u201cO mundo precisa conhecer a potencialidade da Ba\u00eda de Todos-os-Santos, n\u00e3o apenas pela sua beleza natural, mas tamb\u00e9m sob a perspectiva do desenvolvimento econ\u00f4mico e social\u201d, afirma a secret\u00e1ria. Ela lembra que a Ba\u00eda de Todos-os-Santos \u00e9 considerada um dos maiores ativos naturais e tur\u00edsticos da regi\u00e3o e a segunda maior ba\u00eda naveg\u00e1vel do mundo.<\/p>\n<p data-start=\"1779\" data-end=\"2019\">O presidente da ANB, Santiago Campo, tamb\u00e9m ressalta o potencial do ecossistema baiano. \u201cTrazer experi\u00eancias internacionais \u00e9 um passo essencial para repensar o turismo e a economia do mar de forma mais estrat\u00e9gica e sustent\u00e1vel\u201d, afirma.<\/p>\n<p data-start=\"2021\" data-end=\"2463\">Para o presidente do Conselho de Turismo da Bahia e diretor de turismo da ANB, Pedro Costa, o f\u00f3rum contribui para valorizar a relev\u00e2ncia hist\u00f3rica e econ\u00f4mica da Ba\u00eda de Todos-os-Santos. \u201cA Bahia tem papel fundamental na constru\u00e7\u00e3o da identidade n\u00e1utica do Brasil. Este \u00e9 um f\u00f3rum in\u00e9dito e estrat\u00e9gico, que busca mostrar como o setor n\u00e1utico pode impulsionar a economia e fortalecer o turismo de forma estruturada e sustent\u00e1vel\u201d, conclui.<\/p>\n","protected":false},"excerpt":{"rendered":"<p>Salvador foi escolhida para sediar o 1\u00ba F\u00f3rum N\u00e1utico Internacional da Associa\u00e7\u00e3o N\u00e1utica da Bahia (ANB), que acontece nesta sexta-feira (30), no antigo pr\u00e9dio da Faculdade Unidompedro, no Com\u00e9rcio, em frente \u00e0 Pra\u00e7a da Inglaterra. O encontro, que tem como foco a troca de experi\u00eancias sobre boas pr\u00e1ticas do setor n\u00e1utico no Brasil e no [&hellip;]<\/p>\n","protected":false},"author":1,"featured_media":12975,"comment_status":"open","ping_status":"closed","sticky":false,"template":"","format":"standard","meta":{"jnews-multi-image_gallery":[],"jnews_single_post":[],"jnews_primary_category":[],"footnotes":""},"categories":[85],"tags":[],"class_list":["post-12973","post","type-post","status-publish","format-standard","has-post-thumbnail","hentry","category-noticias"],"_links":{"self":[{"href":"https:\/\/cidadebaixaonline.com.br\/index.php\/wp-json\/wp\/v2\/posts\/12973","targetHints":{"allow":["GET"]}}],"collection":[{"href":"https:\/\/cidadebaixaonline.com.br\/index.php\/wp-json\/wp\/v2\/posts"}],"about":[{"href":"https:\/\/cidadebaixaonline.com.br\/index.php\/wp-json\/wp\/v2\/types\/post"}],"author":[{"embeddable":true,"href":"https:\/\/cidadebaixaonline.com.br\/index.php\/wp-json\/wp\/v2\/users\/1"}],"replies":[{"embeddable":true,"href":"https:\/\/cidadebaixaonline.com.br\/index.php\/wp-json\/wp\/v2\/comments?post=12973"}],"version-history":[{"count":1,"href":"https:\/\/cidadebaixaonline.com.br\/index.php\/wp-json\/wp\/v2\/posts\/12973\/revisions"}],"predecessor-version":[{"id":12974,"href":"https:\/\/cidadebaixaonline.com.br\/index.php\/wp-json\/wp\/v2\/posts\/12973\/revisions\/12974"}],"wp:featuredmedia":[{"embeddable":true,"href":"https:\/\/cidadebaixaonline.com.br\/index.php\/wp-json\/wp\/v2\/media\/12975"}],"wp:attachment":[{"href":"https:\/\/cidadebaixaonline.com.br\/index.php\/wp-json\/wp\/v2\/media?parent=12973"}],"wp:term":[{"taxonomy":"category","embeddable":true,"href":"https:\/\/cidadebaixaonline.com.br\/index.php\/wp-json\/wp\/v2\/categories?post=12973"},{"taxonomy":"post_tag","embeddable":true,"href":"https:\/\/cidadebaixaonline.com.br\/index.php\/wp-json\/wp\/v2\/tags?post=12973"}],"curies":[{"name":"wp","href":"https:\/\/api.w.org\/{rel}","templated":true}]}}