{"id":12948,"date":"2025-05-26T09:34:13","date_gmt":"2025-05-26T12:34:13","guid":{"rendered":"https:\/\/cidadebaixaonline.com.br\/?p=12948"},"modified":"2025-05-26T09:34:13","modified_gmt":"2025-05-26T12:34:13","slug":"procissao-em-homenagem-a-santa-rita-e-sao-salvador-celebra-a-fe-e-a-tradicao","status":"publish","type":"post","link":"https:\/\/cidadebaixaonline.com.br\/index.php\/2025\/05\/26\/procissao-em-homenagem-a-santa-rita-e-sao-salvador-celebra-a-fe-e-a-tradicao\/","title":{"rendered":"Prociss\u00e3o em homenagem a Santa Rita e S\u00e3o Salvador celebra a f\u00e9 e a tradi\u00e7\u00e3o"},"content":{"rendered":"<p>No dia 25 de maio de 2025, \u00e0s 10h, ser\u00e1 realizada a prociss\u00e3o em homenagem a Santa Rita e S\u00e3o Salvador, com sa\u00edda da capela que leva o nome do santo. O evento religioso j\u00e1 faz parte do calend\u00e1rio afetivo da Vila S\u00e3o Salvador e teve in\u00edcio a partir de uma promessa feita por uma moradora, Eunice Ramos.<\/p>\n<p>Eunice havia prometido que, se conseguisse o t\u00e3o sonhado emprego, organizaria um desfile com a imagem de sua santa de devo\u00e7\u00e3o, Santa Rita, para andar pelas ruas da vila. A conquista do emprego veio, e com ela, nasceu a prociss\u00e3o que contou desde o in\u00edcio com o apoio da amiga de longa data Dona Zelina, devota de S\u00e3o Salvador.<\/p>\n<p>Juntas, as duas reuniram outros moradores e deram in\u00edcio \u00e0 tradi\u00e7\u00e3o, que ocorre sempre no \u00faltimo domingo de maio. As imagens dos santos saem em prociss\u00e3o em andores ornados com flores doadas por fi\u00e9is e amigos da comunidade.<\/p>\n<p>Atualmente, com o falecimento das fundadoras da celebra\u00e7\u00e3o, a responsabilidade pelo evento foi assumida por Maria L\u00facia (filha de Dona Zelina), \u00c2ngelo Gaspar (antigo morador), o vereador T\u00e9o Sena, filhos de Dona Eunice Ramos e outros moradores, que mant\u00eam vivo o legado de f\u00e9, devo\u00e7\u00e3o e uni\u00e3o comunit\u00e1ria.<\/p>\n","protected":false},"excerpt":{"rendered":"<p>No dia 25 de maio de 2025, \u00e0s 10h, ser\u00e1 realizada a prociss\u00e3o em homenagem a Santa Rita e S\u00e3o Salvador, com sa\u00edda da capela que leva o nome do santo. O evento religioso j\u00e1 faz parte do calend\u00e1rio afetivo da Vila S\u00e3o Salvador e teve in\u00edcio a partir de uma promessa feita por uma [&hellip;]<\/p>\n","protected":false},"author":1,"featured_media":12950,"comment_status":"open","ping_status":"closed","sticky":false,"template":"","format":"standard","meta":{"jnews-multi-image_gallery":[],"jnews_single_post":[],"jnews_primary_category":[],"footnotes":""},"categories":[184],"tags":[],"class_list":["post-12948","post","type-post","status-publish","format-standard","has-post-thumbnail","hentry","category-procissao"],"_links":{"self":[{"href":"https:\/\/cidadebaixaonline.com.br\/index.php\/wp-json\/wp\/v2\/posts\/12948","targetHints":{"allow":["GET"]}}],"collection":[{"href":"https:\/\/cidadebaixaonline.com.br\/index.php\/wp-json\/wp\/v2\/posts"}],"about":[{"href":"https:\/\/cidadebaixaonline.com.br\/index.php\/wp-json\/wp\/v2\/types\/post"}],"author":[{"embeddable":true,"href":"https:\/\/cidadebaixaonline.com.br\/index.php\/wp-json\/wp\/v2\/users\/1"}],"replies":[{"embeddable":true,"href":"https:\/\/cidadebaixaonline.com.br\/index.php\/wp-json\/wp\/v2\/comments?post=12948"}],"version-history":[{"count":1,"href":"https:\/\/cidadebaixaonline.com.br\/index.php\/wp-json\/wp\/v2\/posts\/12948\/revisions"}],"predecessor-version":[{"id":12949,"href":"https:\/\/cidadebaixaonline.com.br\/index.php\/wp-json\/wp\/v2\/posts\/12948\/revisions\/12949"}],"wp:featuredmedia":[{"embeddable":true,"href":"https:\/\/cidadebaixaonline.com.br\/index.php\/wp-json\/wp\/v2\/media\/12950"}],"wp:attachment":[{"href":"https:\/\/cidadebaixaonline.com.br\/index.php\/wp-json\/wp\/v2\/media?parent=12948"}],"wp:term":[{"taxonomy":"category","embeddable":true,"href":"https:\/\/cidadebaixaonline.com.br\/index.php\/wp-json\/wp\/v2\/categories?post=12948"},{"taxonomy":"post_tag","embeddable":true,"href":"https:\/\/cidadebaixaonline.com.br\/index.php\/wp-json\/wp\/v2\/tags?post=12948"}],"curies":[{"name":"wp","href":"https:\/\/api.w.org\/{rel}","templated":true}]}}