{"id":12945,"date":"2025-05-26T08:23:18","date_gmt":"2025-05-26T11:23:18","guid":{"rendered":"https:\/\/cidadebaixaonline.com.br\/?p=12945"},"modified":"2025-05-26T08:23:20","modified_gmt":"2025-05-26T11:23:20","slug":"casal-e-preso-com-carro-roubado-no-terminal-maritimo-de-sao-joaquim","status":"publish","type":"post","link":"https:\/\/cidadebaixaonline.com.br\/index.php\/2025\/05\/26\/casal-e-preso-com-carro-roubado-no-terminal-maritimo-de-sao-joaquim\/","title":{"rendered":"Casal \u00e9 preso com carro roubado no Terminal Mar\u00edtimo de S\u00e3o Joaquim"},"content":{"rendered":"<p>Um casal foi preso na tarde deste domingo (25) por policiais militares do Batalh\u00e3o de Policiamento de Preven\u00e7\u00e3o a Furtos e Roubos de Ve\u00edculos\/Batalh\u00e3o Apolo. Eles foram flagrados em um carro com restri\u00e7\u00e3o por roubo no Terminal Mar\u00edtimo de S\u00e3o Joaquim, em Salvador.<\/p>\n<p>Os militares realizavam rondas preventivas, quando abordaram um carro que aparentava sinais de adultera\u00e7\u00e3o. Ap\u00f3s verifica\u00e7\u00e3o, foi constatado que o ve\u00edculo havia sido roubado na \u00faltima sexta-feira (23), em Lauro de Freitas.<\/p>\n<p>Os suspeitos e o ve\u00edculo foram encaminhados \u00e0 DRFRV para tomada das medidas pertinentes.<\/p>\n","protected":false},"excerpt":{"rendered":"<p>Um casal foi preso na tarde deste domingo (25) por policiais militares do Batalh\u00e3o de Policiamento de Preven\u00e7\u00e3o a Furtos e Roubos de Ve\u00edculos\/Batalh\u00e3o Apolo. Eles foram flagrados em um carro com restri\u00e7\u00e3o por roubo no Terminal Mar\u00edtimo de S\u00e3o Joaquim, em Salvador. Os militares realizavam rondas preventivas, quando abordaram um carro que aparentava sinais [&hellip;]<\/p>\n","protected":false},"author":1,"featured_media":12947,"comment_status":"open","ping_status":"closed","sticky":false,"template":"","format":"standard","meta":{"jnews-multi-image_gallery":[],"jnews_single_post":[],"jnews_primary_category":[],"footnotes":""},"categories":[85],"tags":[],"class_list":["post-12945","post","type-post","status-publish","format-standard","has-post-thumbnail","hentry","category-noticias"],"_links":{"self":[{"href":"https:\/\/cidadebaixaonline.com.br\/index.php\/wp-json\/wp\/v2\/posts\/12945","targetHints":{"allow":["GET"]}}],"collection":[{"href":"https:\/\/cidadebaixaonline.com.br\/index.php\/wp-json\/wp\/v2\/posts"}],"about":[{"href":"https:\/\/cidadebaixaonline.com.br\/index.php\/wp-json\/wp\/v2\/types\/post"}],"author":[{"embeddable":true,"href":"https:\/\/cidadebaixaonline.com.br\/index.php\/wp-json\/wp\/v2\/users\/1"}],"replies":[{"embeddable":true,"href":"https:\/\/cidadebaixaonline.com.br\/index.php\/wp-json\/wp\/v2\/comments?post=12945"}],"version-history":[{"count":1,"href":"https:\/\/cidadebaixaonline.com.br\/index.php\/wp-json\/wp\/v2\/posts\/12945\/revisions"}],"predecessor-version":[{"id":12946,"href":"https:\/\/cidadebaixaonline.com.br\/index.php\/wp-json\/wp\/v2\/posts\/12945\/revisions\/12946"}],"wp:featuredmedia":[{"embeddable":true,"href":"https:\/\/cidadebaixaonline.com.br\/index.php\/wp-json\/wp\/v2\/media\/12947"}],"wp:attachment":[{"href":"https:\/\/cidadebaixaonline.com.br\/index.php\/wp-json\/wp\/v2\/media?parent=12945"}],"wp:term":[{"taxonomy":"category","embeddable":true,"href":"https:\/\/cidadebaixaonline.com.br\/index.php\/wp-json\/wp\/v2\/categories?post=12945"},{"taxonomy":"post_tag","embeddable":true,"href":"https:\/\/cidadebaixaonline.com.br\/index.php\/wp-json\/wp\/v2\/tags?post=12945"}],"curies":[{"name":"wp","href":"https:\/\/api.w.org\/{rel}","templated":true}]}}