{"id":12936,"date":"2025-05-23T12:45:49","date_gmt":"2025-05-23T15:45:49","guid":{"rendered":"https:\/\/cidadebaixaonline.com.br\/?p=12936"},"modified":"2025-05-23T12:45:50","modified_gmt":"2025-05-23T15:45:50","slug":"maio-amarelo-monumentos-sao-iluminados-em-alusao-ao-mes-da-seguranca-viaria","status":"publish","type":"post","link":"https:\/\/cidadebaixaonline.com.br\/index.php\/2025\/05\/23\/maio-amarelo-monumentos-sao-iluminados-em-alusao-ao-mes-da-seguranca-viaria\/","title":{"rendered":"Maio Amarelo: monumentos s\u00e3o iluminados em alus\u00e3o ao m\u00eas da seguran\u00e7a vi\u00e1ria"},"content":{"rendered":"<p>Uma ilumina\u00e7\u00e3o de alerta sobre a seguran\u00e7a vi\u00e1ria. \u00c9 com este objetivo que diversos monumentos e constru\u00e7\u00f5es da capital baiana est\u00e3o, neste m\u00eas de maio, sendo iluminados de amarelo, cor caracter\u00edstica do movimento que visa chamar a aten\u00e7\u00e3o da sociedade para o alto \u00edndice de mortes e feridos no tr\u00e2nsito em todo o mundo.<\/p>\n<p>A a\u00e7\u00e3o \u00e9 promovida pela Superintend\u00eancia de Tr\u00e2nsito de Salvador (Transalvador) e pela Diretoria de Ilumina\u00e7\u00e3o P\u00fablica da Secretaria Municipal de Ordem P\u00fablica (Dsip\/Semop), com apoio da Secretaria Municipal de Mobilidade (Semob). Os espa\u00e7os que recebem a ilumina\u00e7\u00e3o especial s\u00e3o o Monumento a Cl\u00e9riston Andrade (Avenida Garibaldi), esta\u00e7\u00f5es do BRT, Prefeitura-Bairro do Distrito do Centro Hist\u00f3rico (Terreiro de Jesus), Arcos da Ladeira da Montanha, Casa do Olodum e o bambuzal do Aeroporto.<\/p>\n<p>\u201cCom esses espa\u00e7os iluminados de amarelo, queremos refor\u00e7ar, ainda mais, nossa mensagem quanto \u00e0 aten\u00e7\u00e3o no tr\u00e2nsito. Esta \u00e9 a cor que simboliza advert\u00eancia. Ent\u00e3o, queremos que todos olhem e pensem em adotar comportamentos respons\u00e1veis no tr\u00e2nsito\u201d, explica o superintendente da Transalvador, Diego Brito.<\/p>\n<p>O Maio Amarelo visa colocar em pauta o tema da seguran\u00e7a vi\u00e1ria e mobilizar toda a sociedade, envolvendo os mais diversos segmentos. \u201cA Dsip entende a ilumina\u00e7\u00e3o tamb\u00e9m como uma ferramenta de comunica\u00e7\u00e3o visual que contribui para a conscientiza\u00e7\u00e3o da popula\u00e7\u00e3o e refor\u00e7a o compromisso da cidade com causas essenciais. Para essa a\u00e7\u00e3o, utilizamos a tecnologia RGB para iluminar monumentos e pr\u00e9dios p\u00fablicos, destacando datas simb\u00f3licas e apoiando campanhas sociais importantes, como o Maio Amarelo, que chama aten\u00e7\u00e3o para a seguran\u00e7a no tr\u00e2nsito e preserva\u00e7\u00e3o de vidas\u201d, afirma o diretor da Dsip\/Semop, \u00c2ngelo Magalh\u00e3es.<\/p>\n<p>Este ano, a campanha do Maio Amarelo em Salvador tem como tema \u201cDesacelere. Tem sempre algu\u00e9m de esperando\u201d, para alertar sobre os perigos do excesso de velocidade. A Prefeitura de Salvador, por meio da Transalvador, preparou v\u00e1rias atividades em diversos segmentos e locais, para alertar sobre a import\u00e2ncia da ado\u00e7\u00e3o de condutas respons\u00e1veis no tr\u00e2nsito. A programa\u00e7\u00e3o completa\u00a0pode ser consultada no site.<\/p>\n","protected":false},"excerpt":{"rendered":"<p>Uma ilumina\u00e7\u00e3o de alerta sobre a seguran\u00e7a vi\u00e1ria. \u00c9 com este objetivo que diversos monumentos e constru\u00e7\u00f5es da capital baiana est\u00e3o, neste m\u00eas de maio, sendo iluminados de amarelo, cor caracter\u00edstica do movimento que visa chamar a aten\u00e7\u00e3o da sociedade para o alto \u00edndice de mortes e feridos no tr\u00e2nsito em todo o mundo. A [&hellip;]<\/p>\n","protected":false},"author":1,"featured_media":12938,"comment_status":"open","ping_status":"closed","sticky":false,"template":"","format":"standard","meta":{"jnews-multi-image_gallery":[],"jnews_single_post":[],"jnews_primary_category":[],"footnotes":""},"categories":[161],"tags":[],"class_list":["post-12936","post","type-post","status-publish","format-standard","has-post-thumbnail","hentry","category-maio-amarelo"],"_links":{"self":[{"href":"https:\/\/cidadebaixaonline.com.br\/index.php\/wp-json\/wp\/v2\/posts\/12936","targetHints":{"allow":["GET"]}}],"collection":[{"href":"https:\/\/cidadebaixaonline.com.br\/index.php\/wp-json\/wp\/v2\/posts"}],"about":[{"href":"https:\/\/cidadebaixaonline.com.br\/index.php\/wp-json\/wp\/v2\/types\/post"}],"author":[{"embeddable":true,"href":"https:\/\/cidadebaixaonline.com.br\/index.php\/wp-json\/wp\/v2\/users\/1"}],"replies":[{"embeddable":true,"href":"https:\/\/cidadebaixaonline.com.br\/index.php\/wp-json\/wp\/v2\/comments?post=12936"}],"version-history":[{"count":1,"href":"https:\/\/cidadebaixaonline.com.br\/index.php\/wp-json\/wp\/v2\/posts\/12936\/revisions"}],"predecessor-version":[{"id":12937,"href":"https:\/\/cidadebaixaonline.com.br\/index.php\/wp-json\/wp\/v2\/posts\/12936\/revisions\/12937"}],"wp:featuredmedia":[{"embeddable":true,"href":"https:\/\/cidadebaixaonline.com.br\/index.php\/wp-json\/wp\/v2\/media\/12938"}],"wp:attachment":[{"href":"https:\/\/cidadebaixaonline.com.br\/index.php\/wp-json\/wp\/v2\/media?parent=12936"}],"wp:term":[{"taxonomy":"category","embeddable":true,"href":"https:\/\/cidadebaixaonline.com.br\/index.php\/wp-json\/wp\/v2\/categories?post=12936"},{"taxonomy":"post_tag","embeddable":true,"href":"https:\/\/cidadebaixaonline.com.br\/index.php\/wp-json\/wp\/v2\/tags?post=12936"}],"curies":[{"name":"wp","href":"https:\/\/api.w.org\/{rel}","templated":true}]}}