{"id":12927,"date":"2025-05-22T16:24:06","date_gmt":"2025-05-22T19:24:06","guid":{"rendered":"https:\/\/cidadebaixaonline.com.br\/?p=12927"},"modified":"2025-05-22T16:24:07","modified_gmt":"2025-05-22T19:24:07","slug":"mutirao-de-pensao-alimenticia-chega-a-salvador-neste-sabado","status":"publish","type":"post","link":"https:\/\/cidadebaixaonline.com.br\/index.php\/2025\/05\/22\/mutirao-de-pensao-alimenticia-chega-a-salvador-neste-sabado\/","title":{"rendered":"Mutir\u00e3o de pens\u00e3o aliment\u00edcia chega a Salvador neste s\u00e1bado"},"content":{"rendered":"<p>Salvador recebe, no pr\u00f3ximo s\u00e1bado, 24,\u00a0o mutir\u00e3o \u201cM\u00e3es em A\u00e7\u00e3o\u201d. A iniciativa in\u00e9dita \u00e9 da\u00a0Defensoria P\u00fablica da Bahia (DPE\/BA), que est\u00e1 percorrendo diversas cidades baianas pretende viabilizar acordos e a\u00e7\u00f5es judiciais para fixa\u00e7\u00e3o de pens\u00e3o aliment\u00edcia, entre outras quest\u00f5es.\u00a0A estimativa \u00e9 atender cerca de 400 pessoas.<\/p>\n<p>Para obter atendimento \u00e9 necess\u00e1rio levar c\u00f3pias do RG, CPF, comprovante de resid\u00eancia, renda, extratos banc\u00e1rios comprovando o n\u00e3o pagamento, senten\u00e7as judiciais, comprovantes de despesas e RG ou certid\u00e3o de nascimento dos filhos. Tamb\u00e9m \u00e9 necess\u00e1rio informar nome completo, endere\u00e7o, telefone, RG e CPF do genitor, bem como nome e endere\u00e7o da empresa onde a parte contr\u00e1ria trabalha, se houver.<\/p>\n<p>\u201cA expectativa \u00e9 atender de maneira eficiente \u00e0s m\u00e3es que compare\u00e7am ao mutir\u00e3o de modo que elas saiam do atendimento j\u00e1 com o n\u00famero do seu processo em m\u00e3os. Al\u00e9m disso, oferecer outros servi\u00e7os de maneira a qualificar a autoestima e o bem-estar para esse p\u00fablico\u201d, explica a defensora p\u00fablica La\u00edssa Rocha, coordenadora executiva das defensorias p\u00fablicas especializadas.<\/p>\n<p>Em Salvador, a a\u00e7\u00e3o acontecer\u00e1 das 9h \u00e0s 16h no Col\u00e9gio Central e contar\u00e1 com a presen\u00e7a do Instituto Embelleze, que oferecer\u00e1 cortes de cabelo e esmalta\u00e7\u00e3o de unhas gratuitamente, visando o fortalecimento da promo\u00e7\u00e3o da autoestima e o bem-estar das m\u00e3es presentes. Tamb\u00e9m ter\u00e1 palestras sobre viol\u00eancia contra a mulher e sa\u00fade mental das m\u00e3es solo.<\/p>\n<p>De acordo com La\u00edssa, a iniciativa busca reafirmar o papel da institui\u00e7\u00e3o na promo\u00e7\u00e3o de uma maternidade digna e respaldada por direitos. &#8216;O projeto visa promover a cidadania, o acesso \u00e0 justi\u00e7a e a valoriza\u00e7\u00e3o social da maternidade, principalmente das m\u00e3es solo, garantindo que tenham resguardada a assist\u00eancia jur\u00eddica, socioassistencial e emocional necess\u00e1ria para dirimir as dificuldades encontradas no desafio de chefiar sozinhas uma fam\u00edlia&#8217;, ressalta.<\/p>\n<p>O \u201cM\u00e3es em A\u00e7\u00e3o\u201d j\u00e1 passou por diversas cidades do interior do estado, como Santo Amaro, Brumado, Amargosa, Canavieiras, Porto Seguro e Teixeira de Freitas. Nesta sexta, 23, acontece em Alagoinhas, Camacan, Juazeiro, Sim\u00f5es Filho, Jequi\u00e9 e Vit\u00f3ria da Conquista.<\/p>\n<p>No s\u00e1bado, al\u00e9m de Salvador, o mutir\u00e3o estar\u00e1 em Itabuna e, no pr\u00f3ximo dia 30, Nazar\u00e9 e Paulo Afonso. O &#8216;M\u00e3es em &#8216;a\u00e7\u00e3o&#8217; tamb\u00e9m est\u00e1 atendendo durante todo o m\u00eas de maio em Cama\u00e7ari e Lauro de Freitas, nas unidades locais da DPE\/BA.<\/p>\n","protected":false},"excerpt":{"rendered":"<p>Salvador recebe, no pr\u00f3ximo s\u00e1bado, 24,\u00a0o mutir\u00e3o \u201cM\u00e3es em A\u00e7\u00e3o\u201d. A iniciativa in\u00e9dita \u00e9 da\u00a0Defensoria P\u00fablica da Bahia (DPE\/BA), que est\u00e1 percorrendo diversas cidades baianas pretende viabilizar acordos e a\u00e7\u00f5es judiciais para fixa\u00e7\u00e3o de pens\u00e3o aliment\u00edcia, entre outras quest\u00f5es.\u00a0A estimativa \u00e9 atender cerca de 400 pessoas. Para obter atendimento \u00e9 necess\u00e1rio levar c\u00f3pias do RG, [&hellip;]<\/p>\n","protected":false},"author":1,"featured_media":12929,"comment_status":"open","ping_status":"closed","sticky":false,"template":"","format":"standard","meta":{"jnews-multi-image_gallery":[],"jnews_single_post":[],"jnews_primary_category":[],"footnotes":""},"categories":[182],"tags":[],"class_list":["post-12927","post","type-post","status-publish","format-standard","has-post-thumbnail","hentry","category-maes-em-acao"],"_links":{"self":[{"href":"https:\/\/cidadebaixaonline.com.br\/index.php\/wp-json\/wp\/v2\/posts\/12927","targetHints":{"allow":["GET"]}}],"collection":[{"href":"https:\/\/cidadebaixaonline.com.br\/index.php\/wp-json\/wp\/v2\/posts"}],"about":[{"href":"https:\/\/cidadebaixaonline.com.br\/index.php\/wp-json\/wp\/v2\/types\/post"}],"author":[{"embeddable":true,"href":"https:\/\/cidadebaixaonline.com.br\/index.php\/wp-json\/wp\/v2\/users\/1"}],"replies":[{"embeddable":true,"href":"https:\/\/cidadebaixaonline.com.br\/index.php\/wp-json\/wp\/v2\/comments?post=12927"}],"version-history":[{"count":1,"href":"https:\/\/cidadebaixaonline.com.br\/index.php\/wp-json\/wp\/v2\/posts\/12927\/revisions"}],"predecessor-version":[{"id":12928,"href":"https:\/\/cidadebaixaonline.com.br\/index.php\/wp-json\/wp\/v2\/posts\/12927\/revisions\/12928"}],"wp:featuredmedia":[{"embeddable":true,"href":"https:\/\/cidadebaixaonline.com.br\/index.php\/wp-json\/wp\/v2\/media\/12929"}],"wp:attachment":[{"href":"https:\/\/cidadebaixaonline.com.br\/index.php\/wp-json\/wp\/v2\/media?parent=12927"}],"wp:term":[{"taxonomy":"category","embeddable":true,"href":"https:\/\/cidadebaixaonline.com.br\/index.php\/wp-json\/wp\/v2\/categories?post=12927"},{"taxonomy":"post_tag","embeddable":true,"href":"https:\/\/cidadebaixaonline.com.br\/index.php\/wp-json\/wp\/v2\/tags?post=12927"}],"curies":[{"name":"wp","href":"https:\/\/api.w.org\/{rel}","templated":true}]}}