{"id":12911,"date":"2025-05-21T11:59:27","date_gmt":"2025-05-21T14:59:27","guid":{"rendered":"https:\/\/cidadebaixaonline.com.br\/?p=12911"},"modified":"2025-05-21T11:59:28","modified_gmt":"2025-05-21T14:59:28","slug":"homem-e-preso-com-artefato-explosivo-e-fogos-de-artificio-na-cidade-baixa","status":"publish","type":"post","link":"https:\/\/cidadebaixaonline.com.br\/index.php\/2025\/05\/21\/homem-e-preso-com-artefato-explosivo-e-fogos-de-artificio-na-cidade-baixa\/","title":{"rendered":"Homem \u00e9 preso com artefato explosivo e fogos de artif\u00edcio na Cidade Baixa"},"content":{"rendered":"<div class=\"flex flex-col w-full font-normal text-[18px] leading-[30px] text-tw-theme-text-default\">\n<p id=\"paragrafo-x9eaoiwaqd\">Um homem de 22 anos foi preso em flagrante pelos crimes de posse de artefato explosivo e promo\u00e7\u00e3o de tumulto e viol\u00eancia na manh\u00e3 deste domingo (18). Ele foi detido ap\u00f3s a\u00e7\u00e3o policial nas imedia\u00e7\u00f5es da Igreja do Senhor do Bonfim, na Cidade Baixa, em Salvador.<\/p>\n<\/div>\n<div class=\"article_mrec_destaque sticky\">\n<div id=\"internas_336x280_01\" data-google-query-id=\"CM7utcvptI0DFXk5uQYdv6AX1Q\">De acordo com a Pol\u00edcia Militar, equipes da corpora\u00e7\u00e3o abordaram um grupo com cerca de 30 pessoas no local. Tr\u00eas fugiram e um foi alcan\u00e7ado. Com o suspeito, foram apreendidos tr\u00eas artefatos explosivos, dois fogos de artif\u00edcio e objetos pessoais.<\/div>\n<div data-google-query-id=\"CM7utcvptI0DFXk5uQYdv6AX1Q\">O material foi apresentado na unidade policial, onde o suspeito passou por exames legais e permanece \u00e0 disposi\u00e7\u00e3o da Justi\u00e7a.<\/div>\n<\/div>\n","protected":false},"excerpt":{"rendered":"<p>Um homem de 22 anos foi preso em flagrante pelos crimes de posse de artefato explosivo e promo\u00e7\u00e3o de tumulto e viol\u00eancia na manh\u00e3 deste domingo (18). Ele foi detido ap\u00f3s a\u00e7\u00e3o policial nas imedia\u00e7\u00f5es da Igreja do Senhor do Bonfim, na Cidade Baixa, em Salvador. De acordo com a Pol\u00edcia Militar, equipes da corpora\u00e7\u00e3o [&hellip;]<\/p>\n","protected":false},"author":1,"featured_media":12913,"comment_status":"open","ping_status":"closed","sticky":false,"template":"","format":"standard","meta":{"jnews-multi-image_gallery":[],"jnews_single_post":[],"jnews_primary_category":[],"footnotes":""},"categories":[85],"tags":[],"class_list":["post-12911","post","type-post","status-publish","format-standard","has-post-thumbnail","hentry","category-noticias"],"_links":{"self":[{"href":"https:\/\/cidadebaixaonline.com.br\/index.php\/wp-json\/wp\/v2\/posts\/12911","targetHints":{"allow":["GET"]}}],"collection":[{"href":"https:\/\/cidadebaixaonline.com.br\/index.php\/wp-json\/wp\/v2\/posts"}],"about":[{"href":"https:\/\/cidadebaixaonline.com.br\/index.php\/wp-json\/wp\/v2\/types\/post"}],"author":[{"embeddable":true,"href":"https:\/\/cidadebaixaonline.com.br\/index.php\/wp-json\/wp\/v2\/users\/1"}],"replies":[{"embeddable":true,"href":"https:\/\/cidadebaixaonline.com.br\/index.php\/wp-json\/wp\/v2\/comments?post=12911"}],"version-history":[{"count":1,"href":"https:\/\/cidadebaixaonline.com.br\/index.php\/wp-json\/wp\/v2\/posts\/12911\/revisions"}],"predecessor-version":[{"id":12912,"href":"https:\/\/cidadebaixaonline.com.br\/index.php\/wp-json\/wp\/v2\/posts\/12911\/revisions\/12912"}],"wp:featuredmedia":[{"embeddable":true,"href":"https:\/\/cidadebaixaonline.com.br\/index.php\/wp-json\/wp\/v2\/media\/12913"}],"wp:attachment":[{"href":"https:\/\/cidadebaixaonline.com.br\/index.php\/wp-json\/wp\/v2\/media?parent=12911"}],"wp:term":[{"taxonomy":"category","embeddable":true,"href":"https:\/\/cidadebaixaonline.com.br\/index.php\/wp-json\/wp\/v2\/categories?post=12911"},{"taxonomy":"post_tag","embeddable":true,"href":"https:\/\/cidadebaixaonline.com.br\/index.php\/wp-json\/wp\/v2\/tags?post=12911"}],"curies":[{"name":"wp","href":"https:\/\/api.w.org\/{rel}","templated":true}]}}