{"id":12875,"date":"2025-05-20T08:08:55","date_gmt":"2025-05-20T11:08:55","guid":{"rendered":"https:\/\/cidadebaixaonline.com.br\/?p=12875"},"modified":"2025-05-20T08:08:56","modified_gmt":"2025-05-20T11:08:56","slug":"policia-militar-detem-membros-de-torcidas-organizadas-na-baixa-do-bonfim","status":"publish","type":"post","link":"https:\/\/cidadebaixaonline.com.br\/index.php\/2025\/05\/20\/policia-militar-detem-membros-de-torcidas-organizadas-na-baixa-do-bonfim\/","title":{"rendered":"Pol\u00edcia Militar det\u00e9m membros de torcidas organizadas na Baixa do Bonfim"},"content":{"rendered":"<p>Policiais militares do Batalh\u00e3o Apolo e do Bepe prenderam um grupo de integrantes de uma torcida organizada em posse de bombas caseiras na Baixa do Bonfim, em Salvador, na manh\u00e3 deste domingo (18). A a\u00e7\u00e3o aconteceu antes do cl\u00e1ssico Ba-Vi pelo Campeonato Brasileiro.<\/p>\n<p>Durante patrulhamento, os militares viram os indiv\u00edduos, que acabaram sendo alcan\u00e7ados, abordados e detidos. Com eles, foram apreendidos uma mochila com bombas caseiras.<\/p>\n<p>Todo material apreendido e os suspeitos foram encaminhados para a Pol\u00edcia Civil, onde a ocorr\u00eancia foi formalizada.<\/p>\n","protected":false},"excerpt":{"rendered":"<p>Policiais militares do Batalh\u00e3o Apolo e do Bepe prenderam um grupo de integrantes de uma torcida organizada em posse de bombas caseiras na Baixa do Bonfim, em Salvador, na manh\u00e3 deste domingo (18). A a\u00e7\u00e3o aconteceu antes do cl\u00e1ssico Ba-Vi pelo Campeonato Brasileiro. Durante patrulhamento, os militares viram os indiv\u00edduos, que acabaram sendo alcan\u00e7ados, abordados [&hellip;]<\/p>\n","protected":false},"author":1,"featured_media":12877,"comment_status":"open","ping_status":"closed","sticky":false,"template":"","format":"standard","meta":{"jnews-multi-image_gallery":[],"jnews_single_post":[],"jnews_primary_category":[],"footnotes":""},"categories":[105],"tags":[],"class_list":["post-12875","post","type-post","status-publish","format-standard","has-post-thumbnail","hentry","category-policia"],"_links":{"self":[{"href":"https:\/\/cidadebaixaonline.com.br\/index.php\/wp-json\/wp\/v2\/posts\/12875","targetHints":{"allow":["GET"]}}],"collection":[{"href":"https:\/\/cidadebaixaonline.com.br\/index.php\/wp-json\/wp\/v2\/posts"}],"about":[{"href":"https:\/\/cidadebaixaonline.com.br\/index.php\/wp-json\/wp\/v2\/types\/post"}],"author":[{"embeddable":true,"href":"https:\/\/cidadebaixaonline.com.br\/index.php\/wp-json\/wp\/v2\/users\/1"}],"replies":[{"embeddable":true,"href":"https:\/\/cidadebaixaonline.com.br\/index.php\/wp-json\/wp\/v2\/comments?post=12875"}],"version-history":[{"count":1,"href":"https:\/\/cidadebaixaonline.com.br\/index.php\/wp-json\/wp\/v2\/posts\/12875\/revisions"}],"predecessor-version":[{"id":12876,"href":"https:\/\/cidadebaixaonline.com.br\/index.php\/wp-json\/wp\/v2\/posts\/12875\/revisions\/12876"}],"wp:featuredmedia":[{"embeddable":true,"href":"https:\/\/cidadebaixaonline.com.br\/index.php\/wp-json\/wp\/v2\/media\/12877"}],"wp:attachment":[{"href":"https:\/\/cidadebaixaonline.com.br\/index.php\/wp-json\/wp\/v2\/media?parent=12875"}],"wp:term":[{"taxonomy":"category","embeddable":true,"href":"https:\/\/cidadebaixaonline.com.br\/index.php\/wp-json\/wp\/v2\/categories?post=12875"},{"taxonomy":"post_tag","embeddable":true,"href":"https:\/\/cidadebaixaonline.com.br\/index.php\/wp-json\/wp\/v2\/tags?post=12875"}],"curies":[{"name":"wp","href":"https:\/\/api.w.org\/{rel}","templated":true}]}}