{"id":12870,"date":"2025-05-16T16:00:35","date_gmt":"2025-05-16T19:00:35","guid":{"rendered":"https:\/\/cidadebaixaonline.com.br\/?p=12870"},"modified":"2025-05-16T16:00:36","modified_gmt":"2025-05-16T19:00:36","slug":"com-previsao-de-receita-bilionaria-prefeitura-encaminha-a-camara-projeto-da-ldo-para-2026","status":"publish","type":"post","link":"https:\/\/cidadebaixaonline.com.br\/index.php\/2025\/05\/16\/com-previsao-de-receita-bilionaria-prefeitura-encaminha-a-camara-projeto-da-ldo-para-2026\/","title":{"rendered":"Com previs\u00e3o de receita bilion\u00e1ria, prefeitura encaminha \u00e0 C\u00e2mara projeto da LDO para 2026"},"content":{"rendered":"<p>O prefeito Bruno Reis encaminhou nesta quinta-feira (15) \u00e0 C\u00e2mara Municipal de Salvador o Projeto de Lei de Diretrizes Or\u00e7ament\u00e1rias (PLDO) para o exerc\u00edcio de 2026, com uma previs\u00e3o de receitas totais de R$13,1 bilh\u00f5es. Esse valor corresponde ao primeiro ano do novo ciclo or\u00e7ament\u00e1rio, que se estende at\u00e9 2029.<\/p>\n<p>Elaborado de acordo com os princ\u00edpios estabelecidos pela Lei de Responsabilidade Fiscal, o projeto define as diretrizes que nortear\u00e3o a elabora\u00e7\u00e3o da Lei Or\u00e7ament\u00e1ria Anual (LOA), refletindo o compromisso da gest\u00e3o municipal com o equil\u00edbrio das contas p\u00fablicas e o desenvolvimento sustent\u00e1vel de Salvador.<\/p>\n<p>O prefeito Bruno Reis destacou que o PLDO 2026 materializa o compromisso com uma gest\u00e3o p\u00fablica respons\u00e1vel, que harmoniza o desenvolvimento econ\u00f4mico com o equil\u00edbrio das contas p\u00fablicas. \u201cO projeto estabelece as diretrizes necess\u00e1rias para fazer de Salvador uma cidade mais justa, moderna e acolhedora para todos os seus cidad\u00e3os\u201d, afirmou.<\/p>\n<p>O projeto tem como base uma gest\u00e3o respons\u00e1vel dos recursos p\u00fablicos e visa garantir a manuten\u00e7\u00e3o dos servi\u00e7os essenciais e a amplia\u00e7\u00e3o dos investimentos estrat\u00e9gicos, sem comprometer a sa\u00fade financeira do munic\u00edpio.<\/p>\n<p>Para o secret\u00e1rio da Casa Civil, Luiz Carreira, o PLDO reafirma o compromisso da Prefeitura com o ajuste fiscal e a responsabilidade na gest\u00e3o dos recursos p\u00fablicos. \u201cVamos seguir assegurando a continuidade dos investimentos sociais e em infraestrutura que v\u00eam transformando Salvador em uma cidade mais justa, moderna e resiliente\u201d, ressaltou.<\/p>\n<p>Entre os destaques do planejamento est\u00e1 a previs\u00e3o de R$880,6 milh\u00f5es em investimentos viabilizados por opera\u00e7\u00f5es de cr\u00e9dito com institui\u00e7\u00f5es financeiras internacionais, como o Banco Interamericano de Desenvolvimento (BID), o Banco Mundial e o Banco de Desenvolvimento da Am\u00e9rica Latina (CAF). Esses recursos ser\u00e3o fundamentais para impulsionar a execu\u00e7\u00e3o de projetos estruturantes em \u00e1reas priorit\u00e1rias, promovendo moderniza\u00e7\u00e3o urbana, mobilidade, sustentabilidade e inclus\u00e3o social, entre outros.<\/p>\n<p>Constru\u00e7\u00e3o \u2013 O PLDO 2026 foi constru\u00eddo com a participa\u00e7\u00e3o integrada de todos os \u00f3rg\u00e3os da administra\u00e7\u00e3o municipal e adota premissas econ\u00f4micas conservadoras, alinhadas aos cen\u00e1rios projetados pelos principais indicadores nacionais. As estimativas consideram um crescimento do PIB de 1,7% e uma infla\u00e7\u00e3o de 4,4% (medida pelo IPCA), conforme proje\u00e7\u00f5es recentes do Banco Central.<\/p>\n<p>A maior parte dos recursos vir\u00e1 de receitas correntes, que correspondem a 86,6% do total em 2026 \u2014 com destaque para os impostos municipais, como IPTU e ISS, al\u00e9m das transfer\u00eancias constitucionais de recursos federais e estaduais.<\/p>\n<div>\n<div>\n<div class=\"trv-player-container\">\n<div class=\"trv-wrapper\">\n<div id=\"br_video_player_1731a0f25da21c8b5ce98810ffb9049dc3c659f9\" class=\"trvd_video_player trvdinstream\">\n<div class=\"media-player\">\n<div class=\"trv-video\">\n<div id=\"truvid_ima_container51150\" class=\"truvid_ima_container trv-ima-container-hidden\">As \u00e1reas sociais ter\u00e3o aten\u00e7\u00e3o especial, com aloca\u00e7\u00e3o significativa de recursos para sa\u00fade, educa\u00e7\u00e3o e assist\u00eancia social, reafirmando o compromisso da Prefeitura com a promo\u00e7\u00e3o da qualidade de vida e a redu\u00e7\u00e3o das desigualdades. Para garantir a sustentabilidade fiscal diante de eventuais imprevistos, o PLDO estabelece uma reserva de conting\u00eancia de R$20 milh\u00f5es anuais, parte da pol\u00edtica de est\u00edmulo \u00e0 economia local por meio de incentivos a setores estrat\u00e9gicos. O projeto seguir\u00e1 agora para an\u00e1lise e delibera\u00e7\u00e3o dos vereadores na C\u00e2mara Municipal. J\u00e1 o envio do Plano Plurianual (PPA) 2026\u20132029 est\u00e1 previsto at\u00e9 o dia 31 de agosto, completando o ciclo de planejamento e garantindo maior previsibilidade e transpar\u00eancia na condu\u00e7\u00e3o das pol\u00edticas p\u00fablicas municipais.<\/div>\n<\/div>\n<\/div>\n<\/div>\n<\/div>\n<\/div>\n<\/div>\n<\/div>\n","protected":false},"excerpt":{"rendered":"<p>O prefeito Bruno Reis encaminhou nesta quinta-feira (15) \u00e0 C\u00e2mara Municipal de Salvador o Projeto de Lei de Diretrizes Or\u00e7ament\u00e1rias (PLDO) para o exerc\u00edcio de 2026, com uma previs\u00e3o de receitas totais de R$13,1 bilh\u00f5es. Esse valor corresponde ao primeiro ano do novo ciclo or\u00e7ament\u00e1rio, que se estende at\u00e9 2029. Elaborado de acordo com os [&hellip;]<\/p>\n","protected":false},"author":1,"featured_media":12492,"comment_status":"open","ping_status":"closed","sticky":false,"template":"","format":"standard","meta":{"jnews-multi-image_gallery":[],"jnews_single_post":[],"jnews_primary_category":[],"footnotes":""},"categories":[85],"tags":[],"class_list":["post-12870","post","type-post","status-publish","format-standard","has-post-thumbnail","hentry","category-noticias"],"_links":{"self":[{"href":"https:\/\/cidadebaixaonline.com.br\/index.php\/wp-json\/wp\/v2\/posts\/12870","targetHints":{"allow":["GET"]}}],"collection":[{"href":"https:\/\/cidadebaixaonline.com.br\/index.php\/wp-json\/wp\/v2\/posts"}],"about":[{"href":"https:\/\/cidadebaixaonline.com.br\/index.php\/wp-json\/wp\/v2\/types\/post"}],"author":[{"embeddable":true,"href":"https:\/\/cidadebaixaonline.com.br\/index.php\/wp-json\/wp\/v2\/users\/1"}],"replies":[{"embeddable":true,"href":"https:\/\/cidadebaixaonline.com.br\/index.php\/wp-json\/wp\/v2\/comments?post=12870"}],"version-history":[{"count":1,"href":"https:\/\/cidadebaixaonline.com.br\/index.php\/wp-json\/wp\/v2\/posts\/12870\/revisions"}],"predecessor-version":[{"id":12871,"href":"https:\/\/cidadebaixaonline.com.br\/index.php\/wp-json\/wp\/v2\/posts\/12870\/revisions\/12871"}],"wp:featuredmedia":[{"embeddable":true,"href":"https:\/\/cidadebaixaonline.com.br\/index.php\/wp-json\/wp\/v2\/media\/12492"}],"wp:attachment":[{"href":"https:\/\/cidadebaixaonline.com.br\/index.php\/wp-json\/wp\/v2\/media?parent=12870"}],"wp:term":[{"taxonomy":"category","embeddable":true,"href":"https:\/\/cidadebaixaonline.com.br\/index.php\/wp-json\/wp\/v2\/categories?post=12870"},{"taxonomy":"post_tag","embeddable":true,"href":"https:\/\/cidadebaixaonline.com.br\/index.php\/wp-json\/wp\/v2\/tags?post=12870"}],"curies":[{"name":"wp","href":"https:\/\/api.w.org\/{rel}","templated":true}]}}