{"id":12865,"date":"2025-05-16T15:44:22","date_gmt":"2025-05-16T18:44:22","guid":{"rendered":"https:\/\/cidadebaixaonline.com.br\/?p=12865"},"modified":"2025-05-16T15:44:23","modified_gmt":"2025-05-16T18:44:23","slug":"travessia-salvador-mar-grande-volta-a-operar-na-manha-desta-sexta-feira-16","status":"publish","type":"post","link":"https:\/\/cidadebaixaonline.com.br\/index.php\/2025\/05\/16\/travessia-salvador-mar-grande-volta-a-operar-na-manha-desta-sexta-feira-16\/","title":{"rendered":"Travessia Salvador-Mar Grande volta a operar na manh\u00e3 desta sexta-feira (16)"},"content":{"rendered":"<div class=\"filtros-resultado-busca\"><\/div>\n<div class=\"materia-conteudo\">\n<div class=\"materia\">\n<div class=\"conteudo_post\">\n<p class=\"x_gmail-x_1728668944gmail-\">Ap\u00f3s libera\u00e7\u00e3o da Capitania dos Portos, a Travessia Salvador-Mar Grande retomou suas opera\u00e7\u00f5es normais \u00e0s 8h desta sexta-feira (16). O servi\u00e7o conta com seis embarca\u00e7\u00f5es em tr\u00e1fego, realizando partidas a cada 30 minutos entre os terminais de Vera Cruz, na Ilha de Itaparica, e o Terminal N\u00e1utico da Bahia, em Salvador.<\/p>\n<p class=\"x_gmail-x_1728668944gmail-\">A travessia estava suspensa desde \u00e0s 8h da \u00faltima quarta-feira (14) devido ao mau tempo e \u00e0s condi\u00e7\u00f5es desfavor\u00e1veis de navega\u00e7\u00e3o na Ba\u00eda de Todos-os-Santos, que inviabilizavam a opera\u00e7\u00e3o segura das embarca\u00e7\u00f5es.<\/p>\n<p class=\"x_gmail-x_1728668944gmail-\">Para esta sexta-feira, a \u00faltima sa\u00edda de Mar Grande est\u00e1 programada para as 18h, enquanto a \u00faltima partida de Salvador ocorrer\u00e1 \u00e0s 19h30.<\/p>\n<p class=\"x_gmail-x_1728668944gmail-\"><strong>Travessia Salvador\u2013Morro de S\u00e3o Paulo<\/strong><\/p>\n<p class=\"x_gmail-x_1728668944gmail-\">J\u00e1 a Travessia Salvador\u2013Morro de S\u00e3o Paulo segue operando em sistema\u00a0semi-terrestre, com conex\u00e3o em Itaparica, devido \u00e0s condi\u00e7\u00f5es de navega\u00e7\u00e3o ainda adversas no trajeto mar\u00edtimo direto.<\/p>\n<p class=\"x_gmail-x_1728668944gmail-\">Nesse modelo, os passageiros seguem de lancha at\u00e9 Itaparica, continuam a viagem em \u00f4nibus at\u00e9 a Ponta do Curral, em Valen\u00e7a, e completam o trajeto final at\u00e9 Morro de S\u00e3o Paulo em lanchas. O percurso, com conex\u00e3o, tem dura\u00e7\u00e3o aproximada de 3h20 \u2014 cerca de uma hora a mais em rela\u00e7\u00e3o \u00e0 travessia direta.<\/p>\n<p class=\"x_gmail-x_1728668944gmail-\">Os hor\u00e1rios de sa\u00edda de Salvador s\u00e3o \u00e0s 9h, 10h30 e 14h30. De Morro de S\u00e3o Paulo, as partidas ocorrem \u00e0s 11h30, 14h40 e 15h.<\/p>\n<\/div>\n<\/div>\n<\/div>\n","protected":false},"excerpt":{"rendered":"<p>Ap\u00f3s libera\u00e7\u00e3o da Capitania dos Portos, a Travessia Salvador-Mar Grande retomou suas opera\u00e7\u00f5es normais \u00e0s 8h desta sexta-feira (16). O servi\u00e7o conta com seis embarca\u00e7\u00f5es em tr\u00e1fego, realizando partidas a cada 30 minutos entre os terminais de Vera Cruz, na Ilha de Itaparica, e o Terminal N\u00e1utico da Bahia, em Salvador. A travessia estava suspensa [&hellip;]<\/p>\n","protected":false},"author":1,"featured_media":12647,"comment_status":"open","ping_status":"closed","sticky":false,"template":"","format":"standard","meta":{"jnews-multi-image_gallery":[],"jnews_single_post":[],"jnews_primary_category":[],"footnotes":""},"categories":[132],"tags":[],"class_list":["post-12865","post","type-post","status-publish","format-standard","has-post-thumbnail","hentry","category-travessia"],"_links":{"self":[{"href":"https:\/\/cidadebaixaonline.com.br\/index.php\/wp-json\/wp\/v2\/posts\/12865","targetHints":{"allow":["GET"]}}],"collection":[{"href":"https:\/\/cidadebaixaonline.com.br\/index.php\/wp-json\/wp\/v2\/posts"}],"about":[{"href":"https:\/\/cidadebaixaonline.com.br\/index.php\/wp-json\/wp\/v2\/types\/post"}],"author":[{"embeddable":true,"href":"https:\/\/cidadebaixaonline.com.br\/index.php\/wp-json\/wp\/v2\/users\/1"}],"replies":[{"embeddable":true,"href":"https:\/\/cidadebaixaonline.com.br\/index.php\/wp-json\/wp\/v2\/comments?post=12865"}],"version-history":[{"count":1,"href":"https:\/\/cidadebaixaonline.com.br\/index.php\/wp-json\/wp\/v2\/posts\/12865\/revisions"}],"predecessor-version":[{"id":12866,"href":"https:\/\/cidadebaixaonline.com.br\/index.php\/wp-json\/wp\/v2\/posts\/12865\/revisions\/12866"}],"wp:featuredmedia":[{"embeddable":true,"href":"https:\/\/cidadebaixaonline.com.br\/index.php\/wp-json\/wp\/v2\/media\/12647"}],"wp:attachment":[{"href":"https:\/\/cidadebaixaonline.com.br\/index.php\/wp-json\/wp\/v2\/media?parent=12865"}],"wp:term":[{"taxonomy":"category","embeddable":true,"href":"https:\/\/cidadebaixaonline.com.br\/index.php\/wp-json\/wp\/v2\/categories?post=12865"},{"taxonomy":"post_tag","embeddable":true,"href":"https:\/\/cidadebaixaonline.com.br\/index.php\/wp-json\/wp\/v2\/tags?post=12865"}],"curies":[{"name":"wp","href":"https:\/\/api.w.org\/{rel}","templated":true}]}}