{"id":12856,"date":"2025-05-15T17:30:11","date_gmt":"2025-05-15T20:30:11","guid":{"rendered":"https:\/\/cidadebaixaonline.com.br\/?p=12856"},"modified":"2025-05-15T17:30:12","modified_gmt":"2025-05-15T20:30:12","slug":"escavacoes-de-cemiterio-entenda-a-importancia-de-ato-em-salvador","status":"publish","type":"post","link":"https:\/\/cidadebaixaonline.com.br\/index.php\/2025\/05\/15\/escavacoes-de-cemiterio-entenda-a-importancia-de-ato-em-salvador\/","title":{"rendered":"Escava\u00e7\u00f5es de cemit\u00e9rio: entenda a import\u00e2ncia de ato em Salvador"},"content":{"rendered":"<p>O processo de escava\u00e7\u00e3o no terreno onde pode ter sido o primeiro cemit\u00e9rio p\u00fablico de\u00a0Salvador\u00a0foi iniciado na manh\u00e3 desta quarta-feira, 14. A data escolhida para\u00a0a escava\u00e7\u00e3o est\u00e1 relacionada ao dia da execu\u00e7\u00e3o de quatro m\u00e1rtires da Revolta dos Mal\u00eas\u00a0\u2014 maior revolta contra escravid\u00e3o da hist\u00f3ria brasileira \u2014 pelo Estado da Bahia h\u00e1 190 anos.<\/p>\n<p>Localizado no bairro de Nazar\u00e9, onde funciona o estacionamento da Pupileira, o espa\u00e7o \u00e9 apontado por pesquisadores como o Cemit\u00e9rio do Campo da P\u00f3lvora do Desterro \u2014 local de sepultamento, entre os s\u00e9culos XVIII e XIX, de pessoas escravizadas, ind\u00edgenas, suicidas, prostitutas, excomungados e condenados \u00e0 morte.<\/p>\n<p>Na abertura houve um ato inter-religioso com representantes do candombl\u00e9, catolicismo, islamismo e outras express\u00f5es de f\u00e9, destacando o resgate da hist\u00f3ria e preserva\u00e7\u00e3o da mem\u00f3ria daquelas pessoas que foram enterradas sem dignidade.<\/p>\n<h2>Import\u00e2ncia<\/h2>\n<p>\u201cEsse ato inter-religioso \u00e9 um reencontro com nossos ancestrais. \u00c9 um pedido de licen\u00e7a, uma b\u00ean\u00e7\u00e3o, um chamado coletivo para honrar quem veio antes de n\u00f3s. Nossos ancestrais trouxeram suas cren\u00e7as, seus orix\u00e1s, sua forma de entender o mundo, e mesmo diante da brutalidade da escravid\u00e3o, resistiram. E muitos dos que ali est\u00e3o enterrados \u2014 cerca de 100 mil pessoas \u2014 morreram sem sequer o direito \u00e0 mem\u00f3ria. Hoje, estamos aqui para garantir que isso mude\u201d, declara Yoji Senna, coordenador no Brasil da Brazilians Descendants Association Lagos\/Nigeria.<\/p>\n<p>O l\u00edder espiritual dos mu\u00e7ulmanos na Bahia, Sheikh Abdul Ahmad, que tamb\u00e9m participou do ato, refor\u00e7a o car\u00e1ter universal da dignidade humana: \u201cMuitos homens e mulheres sepultados aqui eram mu\u00e7ulmanos e foram tratados como coisas at\u00e9 mesmo ap\u00f3s a morte\u201d.<\/p>\n<p>De acordo com as evid\u00eancias, a \u00e1rea em quest\u00e3o foi originalmente gerida pela C\u00e2mara de Salvador e teria funcionado como cemit\u00e9rio por aproximadamente 150 anos, at\u00e9 o ano de 1844. A pesquisa surgiu a partir do trabalho de doutorado da arquiteta e urbanista Silvana Olivieri, que utilizou mapas hist\u00f3ricos e imagens de sat\u00e9lite para cruzar informa\u00e7\u00f5es e apontar a localiza\u00e7\u00e3o exata do antigo cemit\u00e9rio. A comprova\u00e7\u00e3o foi refor\u00e7ada por uma certid\u00e3o de compra e venda do terreno feita pela Santa Casa, que faz men\u00e7\u00e3o expl\u00edcita ao cemit\u00e9rio.<\/p>\n<p>A primeira etapa da escava\u00e7\u00e3o est\u00e1 sendo conduzida por uma equipe de arque\u00f3logos e pesquisadores, com previs\u00e3o de dura\u00e7\u00e3o de 10 dias. A pesquisadora respons\u00e1vel pela escava\u00e7\u00e3o, a arque\u00f3loga Jeanne Dias, explicou que esta primeira fase tem car\u00e1ter diagn\u00f3stico, com o objetivo de localizar vest\u00edgios \u00f3sseos e mapear as valas coletivas apontadas por registros hist\u00f3ricos.<\/p>\n<p>\u201cVamos observar a forma de deposi\u00e7\u00e3o dos corpos, identificar caracter\u00edsticas que indiquem sexo, idade e poss\u00edveis objetos pessoais. Neste momento, n\u00e3o vamos remover os corpos. A ideia \u00e9 documentar e ampliar o di\u00e1logo com a sociedade para decidir, coletivamente, os pr\u00f3ximos passos\u201d, declara.<\/p>\n<p>Yoji Senna, coordenador no Brasil da Brazilians Descendants Association Lagos\/Nigeria, faz um apelo \u00e0s institui\u00e7\u00f5es: \u201cQue tratem esse solo com o respeito que ele merece. Que n\u00e3o deixem esse lugar virar apenas um dado acad\u00eamico ou tur\u00edstico. Que envolvam as comunidades negras, os terreiros, os movimentos sociais. Que esse territ\u00f3rio sagrado se transforme em um centro de mem\u00f3ria, de educa\u00e7\u00e3o e de celebra\u00e7\u00e3o da vida dos nossos\u201d. Segundo o Iphan, o terreno est\u00e1 em processo de delimita\u00e7\u00e3o e deve ser cadastrado como s\u00edtio arqueol\u00f3gico, passando a contar com prote\u00e7\u00e3o legal.<\/p>\n","protected":false},"excerpt":{"rendered":"<p>O processo de escava\u00e7\u00e3o no terreno onde pode ter sido o primeiro cemit\u00e9rio p\u00fablico de\u00a0Salvador\u00a0foi iniciado na manh\u00e3 desta quarta-feira, 14. A data escolhida para\u00a0a escava\u00e7\u00e3o est\u00e1 relacionada ao dia da execu\u00e7\u00e3o de quatro m\u00e1rtires da Revolta dos Mal\u00eas\u00a0\u2014 maior revolta contra escravid\u00e3o da hist\u00f3ria brasileira \u2014 pelo Estado da Bahia h\u00e1 190 anos. Localizado [&hellip;]<\/p>\n","protected":false},"author":1,"featured_media":12858,"comment_status":"open","ping_status":"closed","sticky":false,"template":"","format":"standard","meta":{"jnews-multi-image_gallery":[],"jnews_single_post":[],"jnews_primary_category":[],"footnotes":""},"categories":[172],"tags":[],"class_list":["post-12856","post","type-post","status-publish","format-standard","has-post-thumbnail","hentry","category-escavacoes-de-cemiterio"],"_links":{"self":[{"href":"https:\/\/cidadebaixaonline.com.br\/index.php\/wp-json\/wp\/v2\/posts\/12856","targetHints":{"allow":["GET"]}}],"collection":[{"href":"https:\/\/cidadebaixaonline.com.br\/index.php\/wp-json\/wp\/v2\/posts"}],"about":[{"href":"https:\/\/cidadebaixaonline.com.br\/index.php\/wp-json\/wp\/v2\/types\/post"}],"author":[{"embeddable":true,"href":"https:\/\/cidadebaixaonline.com.br\/index.php\/wp-json\/wp\/v2\/users\/1"}],"replies":[{"embeddable":true,"href":"https:\/\/cidadebaixaonline.com.br\/index.php\/wp-json\/wp\/v2\/comments?post=12856"}],"version-history":[{"count":1,"href":"https:\/\/cidadebaixaonline.com.br\/index.php\/wp-json\/wp\/v2\/posts\/12856\/revisions"}],"predecessor-version":[{"id":12857,"href":"https:\/\/cidadebaixaonline.com.br\/index.php\/wp-json\/wp\/v2\/posts\/12856\/revisions\/12857"}],"wp:featuredmedia":[{"embeddable":true,"href":"https:\/\/cidadebaixaonline.com.br\/index.php\/wp-json\/wp\/v2\/media\/12858"}],"wp:attachment":[{"href":"https:\/\/cidadebaixaonline.com.br\/index.php\/wp-json\/wp\/v2\/media?parent=12856"}],"wp:term":[{"taxonomy":"category","embeddable":true,"href":"https:\/\/cidadebaixaonline.com.br\/index.php\/wp-json\/wp\/v2\/categories?post=12856"},{"taxonomy":"post_tag","embeddable":true,"href":"https:\/\/cidadebaixaonline.com.br\/index.php\/wp-json\/wp\/v2\/tags?post=12856"}],"curies":[{"name":"wp","href":"https:\/\/api.w.org\/{rel}","templated":true}]}}