{"id":12851,"date":"2025-05-15T17:01:14","date_gmt":"2025-05-15T20:01:14","guid":{"rendered":"https:\/\/cidadebaixaonline.com.br\/?p=12851"},"modified":"2025-05-15T17:01:15","modified_gmt":"2025-05-15T20:01:15","slug":"travessia-salvador-mar-grande-continua-suspensa-devido-ao-mau-tempo","status":"publish","type":"post","link":"https:\/\/cidadebaixaonline.com.br\/index.php\/2025\/05\/15\/travessia-salvador-mar-grande-continua-suspensa-devido-ao-mau-tempo\/","title":{"rendered":"Travessia Salvador-Mar Grande continua suspensa devido ao mau tempo"},"content":{"rendered":"<p>A Travessia Salvador-Mar Grande permanece suspensa nesta quinta-feira (15) por recomenda\u00e7\u00e3o da Capitania dos Portos, em raz\u00e3o das m\u00e1s condi\u00e7\u00f5es de navega\u00e7\u00e3o na Ba\u00eda de Todos-os-Santos. A suspens\u00e3o teve in\u00edcio \u00e0s 8h da manh\u00e3 de ontem (14) e ainda n\u00e3o h\u00e1 previs\u00e3o de retorno.<\/p>\n<p>As condi\u00e7\u00f5es adversas do tempo tamb\u00e9m afetam a Travessia Salvador-Morro de S\u00e3o Paulo, que continua operando\u00a0 por meio de conex\u00e3o. J\u00e1 as escunas de turismo seguem com as atividades totalmente paralisadas.<\/p>\n<p><strong>Opera\u00e7\u00e3o com conex\u00e3o para Morro de S\u00e3o Paulo<\/strong><\/p>\n<p>Durante este per\u00edodo, os passageiros com destino a Morro de S\u00e3o Paulo est\u00e3o sendo transportados inicialmente at\u00e9 Itaparica. De l\u00e1, seguem em \u00f4nibus disponibilizados pelos operadores at\u00e9 a Ponta do Curral, em Valen\u00e7a, onde completam o trajeto em lanchas at\u00e9 o destino final.<\/p>\n<p>Os hor\u00e1rios de sa\u00edda de Salvador s\u00e3o \u00e0s 9h, 10h30 e 14h30. No sentido contr\u00e1rio, as partidas do Terminal de Morro de S\u00e3o Paulo ocorrem \u00e0s 11h30, 14h e 15h.<\/p>\n","protected":false},"excerpt":{"rendered":"<p>A Travessia Salvador-Mar Grande permanece suspensa nesta quinta-feira (15) por recomenda\u00e7\u00e3o da Capitania dos Portos, em raz\u00e3o das m\u00e1s condi\u00e7\u00f5es de navega\u00e7\u00e3o na Ba\u00eda de Todos-os-Santos. A suspens\u00e3o teve in\u00edcio \u00e0s 8h da manh\u00e3 de ontem (14) e ainda n\u00e3o h\u00e1 previs\u00e3o de retorno. As condi\u00e7\u00f5es adversas do tempo tamb\u00e9m afetam a Travessia Salvador-Morro de [&hellip;]<\/p>\n","protected":false},"author":1,"featured_media":12754,"comment_status":"open","ping_status":"closed","sticky":false,"template":"","format":"standard","meta":{"jnews-multi-image_gallery":[],"jnews_single_post":[],"jnews_primary_category":[],"footnotes":""},"categories":[132],"tags":[],"class_list":["post-12851","post","type-post","status-publish","format-standard","has-post-thumbnail","hentry","category-travessia"],"_links":{"self":[{"href":"https:\/\/cidadebaixaonline.com.br\/index.php\/wp-json\/wp\/v2\/posts\/12851","targetHints":{"allow":["GET"]}}],"collection":[{"href":"https:\/\/cidadebaixaonline.com.br\/index.php\/wp-json\/wp\/v2\/posts"}],"about":[{"href":"https:\/\/cidadebaixaonline.com.br\/index.php\/wp-json\/wp\/v2\/types\/post"}],"author":[{"embeddable":true,"href":"https:\/\/cidadebaixaonline.com.br\/index.php\/wp-json\/wp\/v2\/users\/1"}],"replies":[{"embeddable":true,"href":"https:\/\/cidadebaixaonline.com.br\/index.php\/wp-json\/wp\/v2\/comments?post=12851"}],"version-history":[{"count":1,"href":"https:\/\/cidadebaixaonline.com.br\/index.php\/wp-json\/wp\/v2\/posts\/12851\/revisions"}],"predecessor-version":[{"id":12852,"href":"https:\/\/cidadebaixaonline.com.br\/index.php\/wp-json\/wp\/v2\/posts\/12851\/revisions\/12852"}],"wp:featuredmedia":[{"embeddable":true,"href":"https:\/\/cidadebaixaonline.com.br\/index.php\/wp-json\/wp\/v2\/media\/12754"}],"wp:attachment":[{"href":"https:\/\/cidadebaixaonline.com.br\/index.php\/wp-json\/wp\/v2\/media?parent=12851"}],"wp:term":[{"taxonomy":"category","embeddable":true,"href":"https:\/\/cidadebaixaonline.com.br\/index.php\/wp-json\/wp\/v2\/categories?post=12851"},{"taxonomy":"post_tag","embeddable":true,"href":"https:\/\/cidadebaixaonline.com.br\/index.php\/wp-json\/wp\/v2\/tags?post=12851"}],"curies":[{"name":"wp","href":"https:\/\/api.w.org\/{rel}","templated":true}]}}