{"id":12848,"date":"2025-05-15T16:53:34","date_gmt":"2025-05-15T19:53:34","guid":{"rendered":"https:\/\/cidadebaixaonline.com.br\/?p=12848"},"modified":"2025-05-15T16:53:34","modified_gmt":"2025-05-15T19:53:34","slug":"acoes-de-combate-ao-abuso-sexual-infantil-nas-estacoes-de-metro-em-salvador","status":"publish","type":"post","link":"https:\/\/cidadebaixaonline.com.br\/index.php\/2025\/05\/15\/acoes-de-combate-ao-abuso-sexual-infantil-nas-estacoes-de-metro-em-salvador\/","title":{"rendered":"A\u00e7\u00f5es de combate ao abuso sexual infantil nas esta\u00e7\u00f5es de metr\u00f4 em Salvador"},"content":{"rendered":"<p>A CCR Metr\u00f4 Bahia, em parceria com a Secretaria de Assist\u00eancia e Desenvolvimento Social da Bahia (Seades) e com a Secretaria de Desenvolvimento Urbano do Estado da Bahia (Sedur), realiza a\u00e7\u00f5es de conscientiza\u00e7\u00e3o em alus\u00e3o ao 18 de Maio, Dia Nacional de Combate ao Abuso e \u00e0 Explora\u00e7\u00e3o Sexual de Crian\u00e7as e Adolescentes. As atividades ser\u00e3o realizadas na quinta-feira (15), na Esta\u00e7\u00e3o Rodovi\u00e1ria, e na sexta-feira (16), na Esta\u00e7\u00e3o Acesso Norte, sempre das 7h \u00e0s 10h.<\/p>\n<p>As mobiliza\u00e7\u00f5es especiais sobre o tema t\u00eam o objetivo de sensibilizar os clientes do sistema metrovi\u00e1rio e refor\u00e7ar a import\u00e2ncia da den\u00fancia e da prote\u00e7\u00e3o integral \u00e0s inf\u00e2ncias.<\/p>\n<p>Os clientes que estiverem passando pelas esta\u00e7\u00f5es v\u00e3o contar com a presen\u00e7a de mascotes da campanha, caixas interativas com informa\u00e7\u00f5es sobre o tema e v\u00e3o receber adesivos, folhetos e livros educativos.<\/p>\n<p>&#8220;A CCR, a Seades e a Sedur est\u00e3o unindo for\u00e7as para conscientizar a popula\u00e7\u00e3o sobre a import\u00e2ncia de proteger nossas crian\u00e7as e adolescentes do abuso e da explora\u00e7\u00e3o sexual. Promover a\u00e7\u00f5es que beneficiam a sociedade \u00e9 uma das formas de contribuir para a constru\u00e7\u00e3o de um futuro mais seguro e protegido para as nossas inf\u00e2ncias&#8221;, diz Rodrigo Rainer, Gerente de Comunica\u00e7\u00e3o da CCR.<\/p>\n<p>Para a secret\u00e1ria de Desenvolvimento Urbano, Jusmari Oliveira, &#8220;a\u00e7\u00f5es como essa refor\u00e7am a import\u00e2ncia da den\u00fancia, da escuta atenta e da preven\u00e7\u00e3o. A parceria entre a Seades e a CCR Metr\u00f4 \u00e9 fundamental para sensibilizar a popula\u00e7\u00e3o e garantir que os direitos da inf\u00e2ncia sejam respeitados todos os dias. Por isso, a SEDUR Bahia tamb\u00e9m se soma a essa iniciativa, apoiando campanhas que contribuem para a constru\u00e7\u00e3o de uma sociedade mais justa e acolhedora para todos&#8221;, avaliou.<\/p>\n<p>A CCR Metr\u00f4 Bahia tem dez anos de opera\u00e7\u00e3o na Bahia. S\u00e3o 38 km de extens\u00e3o, duas linhas, 22 esta\u00e7\u00f5es e dez terminais integrados, sendo nove deles administrados pela concession\u00e1ria. O Sistema Metrovi\u00e1rio de Salvador e Lauro de Freitas j\u00e1 gerou um impacto positivo de R$11,1 bilh\u00f5es na economia da Bahia e transporta mais de 400 mil pessoas por dia. Desde a sua inaugura\u00e7\u00e3o, j\u00e1 foram realizadas mais de 2,3 milh\u00f5es de viagens, cerca de 32 milh\u00f5es de quil\u00f4metros rodados e mais de 730 milh\u00f5es de passageiros transportados. A CCR Metr\u00f4 Bahia conta com cerca 1.390 colaboradores diretos e mais de 2.500 indiretos, e foi reconhecida pelo jornal O Estado de S\u00e3o Paulo como uma das 100 empresas mais influentes do Brasil em mobilidade no ano de 2024.<\/p>\n","protected":false},"excerpt":{"rendered":"<p>A CCR Metr\u00f4 Bahia, em parceria com a Secretaria de Assist\u00eancia e Desenvolvimento Social da Bahia (Seades) e com a Secretaria de Desenvolvimento Urbano do Estado da Bahia (Sedur), realiza a\u00e7\u00f5es de conscientiza\u00e7\u00e3o em alus\u00e3o ao 18 de Maio, Dia Nacional de Combate ao Abuso e \u00e0 Explora\u00e7\u00e3o Sexual de Crian\u00e7as e Adolescentes. As atividades [&hellip;]<\/p>\n","protected":false},"author":1,"featured_media":12850,"comment_status":"open","ping_status":"closed","sticky":false,"template":"","format":"standard","meta":{"jnews-multi-image_gallery":[],"jnews_single_post":[],"jnews_primary_category":[],"footnotes":""},"categories":[85],"tags":[],"class_list":["post-12848","post","type-post","status-publish","format-standard","has-post-thumbnail","hentry","category-noticias"],"_links":{"self":[{"href":"https:\/\/cidadebaixaonline.com.br\/index.php\/wp-json\/wp\/v2\/posts\/12848","targetHints":{"allow":["GET"]}}],"collection":[{"href":"https:\/\/cidadebaixaonline.com.br\/index.php\/wp-json\/wp\/v2\/posts"}],"about":[{"href":"https:\/\/cidadebaixaonline.com.br\/index.php\/wp-json\/wp\/v2\/types\/post"}],"author":[{"embeddable":true,"href":"https:\/\/cidadebaixaonline.com.br\/index.php\/wp-json\/wp\/v2\/users\/1"}],"replies":[{"embeddable":true,"href":"https:\/\/cidadebaixaonline.com.br\/index.php\/wp-json\/wp\/v2\/comments?post=12848"}],"version-history":[{"count":1,"href":"https:\/\/cidadebaixaonline.com.br\/index.php\/wp-json\/wp\/v2\/posts\/12848\/revisions"}],"predecessor-version":[{"id":12849,"href":"https:\/\/cidadebaixaonline.com.br\/index.php\/wp-json\/wp\/v2\/posts\/12848\/revisions\/12849"}],"wp:featuredmedia":[{"embeddable":true,"href":"https:\/\/cidadebaixaonline.com.br\/index.php\/wp-json\/wp\/v2\/media\/12850"}],"wp:attachment":[{"href":"https:\/\/cidadebaixaonline.com.br\/index.php\/wp-json\/wp\/v2\/media?parent=12848"}],"wp:term":[{"taxonomy":"category","embeddable":true,"href":"https:\/\/cidadebaixaonline.com.br\/index.php\/wp-json\/wp\/v2\/categories?post=12848"},{"taxonomy":"post_tag","embeddable":true,"href":"https:\/\/cidadebaixaonline.com.br\/index.php\/wp-json\/wp\/v2\/tags?post=12848"}],"curies":[{"name":"wp","href":"https:\/\/api.w.org\/{rel}","templated":true}]}}