{"id":12836,"date":"2025-05-14T09:42:49","date_gmt":"2025-05-14T12:42:49","guid":{"rendered":"https:\/\/cidadebaixaonline.com.br\/?p=12836"},"modified":"2025-05-14T09:42:50","modified_gmt":"2025-05-14T12:42:50","slug":"franca-inaugura-camara-de-comercio-na-bahia","status":"publish","type":"post","link":"https:\/\/cidadebaixaonline.com.br\/index.php\/2025\/05\/14\/franca-inaugura-camara-de-comercio-na-bahia\/","title":{"rendered":"Fran\u00e7a inaugura C\u00e2mara de Com\u00e9rcio na Bahia"},"content":{"rendered":"<p>A retomada dos voos Salvador x Paris, no bojo de in\u00fameras iniciativas econ\u00f4micas e culturais cria um ambiente de rela\u00e7\u00f5es favor\u00e1veis nunca antes estabelecidas entre a Bahia e Fran\u00e7a. Reiniciado com uma frequ\u00eancia semanal de tr\u00eas voos, a Air France recentemente anunciou a amplia\u00e7\u00e3o para 5 frequ\u00eancias semanais a liga\u00e7\u00e3o direta entre Salvador e Paris. Esse \u00e9 o grande facilitador para restabelecer iniciativas de interc\u00e2mbios culturais e uma grande alavancagem nas rela\u00e7\u00f5es comerciais numa intensidade nunca antes vivida entre o Estado da Bahia e a Fran\u00e7a, principalmente entre as cidades de Salvador e Paris.<\/p>\n<p>Nesta linha de a\u00e7\u00e3o, no pr\u00f3ximo s\u00e1bado autoridades francesas convidam para a instala\u00e7\u00e3o da ANTENA Salvador da CCIFB, C\u00e2mara de Com\u00e9rcio Brasil Fran\u00e7a, que acontecer\u00e1 no Centro de Conven\u00e7\u00f5es de Salvador \u00e0s 12h30. Os convites para a instala\u00e7\u00e3o est\u00e3o assinados por Pedro Augusto Gouv\u00eaa Vieira, Presidente Nacional da C\u00e2mara de Com\u00e9rcio Fran\u00e7a x Brasil, CCIFB e Ludovic Moullin, Diretor da GL Events para o Nordeste e representante da ANTENA Salvador da CCIFB.<\/p>\n<p>Estar\u00e3o presentes no evento o Embaixador da Fran\u00e7a no Brasil, Emmanuel Lenain, do C\u00f4nsul da Fran\u00e7a para o Nordeste Serge Gas e do C\u00f4nsul Honor\u00e1rio da Fran\u00e7a em Salvador o Professor universit\u00e1rio Franc\u00eas e profissional da Odontilogia, radicado na Bahia h\u00e1 23 anos Bernard Greck. Bernard assumiu o Consulado em Maio de 2024 implantando uma nova din\u00e2mica nas rela\u00e7\u00f5es e buscando interagir com todas as autoridades na dire\u00e7\u00e3o de estreitar a cada dia as rela\u00e7\u00f5es da Fran\u00e7a com a Bahia.<\/p>\n<p>As rela\u00e7\u00f5es Brasil x Fran\u00e7a come\u00e7aram a se estreitar na gest\u00e3o do ex presidente Nicolas Sarkozy, casado com Carla Bruni que chegou a passar f\u00e9rias em praia da Bahia. O Brasil adquiriu a tecnologia do projeto Scorpene franc\u00eas para a constru\u00e7\u00e3o de submarinos de propuls\u00e3o nuclear. Na gest\u00e3o do presidente Emmanuel Macron, as rela\u00e7\u00f5es se estreitaram ainda mais, inclusive com a possibilidade de uma visita \u00e0 Bahia acompanhado do Presidente Lula um pouco antes da COP 30.<\/p>\n","protected":false},"excerpt":{"rendered":"<p>A retomada dos voos Salvador x Paris, no bojo de in\u00fameras iniciativas econ\u00f4micas e culturais cria um ambiente de rela\u00e7\u00f5es favor\u00e1veis nunca antes estabelecidas entre a Bahia e Fran\u00e7a. Reiniciado com uma frequ\u00eancia semanal de tr\u00eas voos, a Air France recentemente anunciou a amplia\u00e7\u00e3o para 5 frequ\u00eancias semanais a liga\u00e7\u00e3o direta entre Salvador e Paris. [&hellip;]<\/p>\n","protected":false},"author":1,"featured_media":12838,"comment_status":"open","ping_status":"closed","sticky":false,"template":"","format":"standard","meta":{"jnews-multi-image_gallery":[],"jnews_single_post":[],"jnews_primary_category":[],"footnotes":""},"categories":[85],"tags":[],"class_list":["post-12836","post","type-post","status-publish","format-standard","has-post-thumbnail","hentry","category-noticias"],"_links":{"self":[{"href":"https:\/\/cidadebaixaonline.com.br\/index.php\/wp-json\/wp\/v2\/posts\/12836","targetHints":{"allow":["GET"]}}],"collection":[{"href":"https:\/\/cidadebaixaonline.com.br\/index.php\/wp-json\/wp\/v2\/posts"}],"about":[{"href":"https:\/\/cidadebaixaonline.com.br\/index.php\/wp-json\/wp\/v2\/types\/post"}],"author":[{"embeddable":true,"href":"https:\/\/cidadebaixaonline.com.br\/index.php\/wp-json\/wp\/v2\/users\/1"}],"replies":[{"embeddable":true,"href":"https:\/\/cidadebaixaonline.com.br\/index.php\/wp-json\/wp\/v2\/comments?post=12836"}],"version-history":[{"count":1,"href":"https:\/\/cidadebaixaonline.com.br\/index.php\/wp-json\/wp\/v2\/posts\/12836\/revisions"}],"predecessor-version":[{"id":12837,"href":"https:\/\/cidadebaixaonline.com.br\/index.php\/wp-json\/wp\/v2\/posts\/12836\/revisions\/12837"}],"wp:featuredmedia":[{"embeddable":true,"href":"https:\/\/cidadebaixaonline.com.br\/index.php\/wp-json\/wp\/v2\/media\/12838"}],"wp:attachment":[{"href":"https:\/\/cidadebaixaonline.com.br\/index.php\/wp-json\/wp\/v2\/media?parent=12836"}],"wp:term":[{"taxonomy":"category","embeddable":true,"href":"https:\/\/cidadebaixaonline.com.br\/index.php\/wp-json\/wp\/v2\/categories?post=12836"},{"taxonomy":"post_tag","embeddable":true,"href":"https:\/\/cidadebaixaonline.com.br\/index.php\/wp-json\/wp\/v2\/tags?post=12836"}],"curies":[{"name":"wp","href":"https:\/\/api.w.org\/{rel}","templated":true}]}}