{"id":12827,"date":"2025-05-13T19:57:52","date_gmt":"2025-05-13T22:57:52","guid":{"rendered":"https:\/\/cidadebaixaonline.com.br\/?p=12827"},"modified":"2025-05-13T19:57:53","modified_gmt":"2025-05-13T22:57:53","slug":"salvador-recebe-seminario-juridico-sobre-relacoes-comerciais","status":"publish","type":"post","link":"https:\/\/cidadebaixaonline.com.br\/index.php\/2025\/05\/13\/salvador-recebe-seminario-juridico-sobre-relacoes-comerciais\/","title":{"rendered":"Salvador recebe semin\u00e1rio jur\u00eddico sobre rela\u00e7\u00f5es comerciais"},"content":{"rendered":"<p>O Tribunal de Justi\u00e7a da Bahia (TJBA), a FCDL Bahia e a CDL Salvador promovem o Semin\u00e1rio Jur\u00eddico: Perspectivas Jur\u00eddicas sobre as Rela\u00e7\u00f5es Comerciais, que ser\u00e1 realizado no dia 29 de maio (quinta-feira), das 8h \u00e0s 18h, no Audit\u00f3rio Desembargadora Olny Silva, na sede do TJBA, no Centro Administrativo da Bahia.<\/p>\n<p>Com previs\u00e3o de reunir 250 participantes \u2014 entre ju\u00edzes, procuradores, promotores, advogados e empres\u00e1rios \u2014, o evento ter\u00e1 palestras e pain\u00e9is que discutir\u00e3o temas relevantes para o ambiente jur\u00eddico e empresarial contempor\u00e2neo.<\/p>\n<p>Entre os destaques da programa\u00e7\u00e3o est\u00e3o o Ministro e Vice-Presidente do Superior Tribunal de Justi\u00e7a (STJ), Luiz Felipe Salom\u00e3o; o Ministro do Tribunal Superior do Trabalho (TST), Alberto Balazeiro; o Presidente do Instituto Geogr\u00e1fico e Hist\u00f3rico da Bahia (IGHB), Joaci G\u00f3es; o especialista em Direito Processual Civil, Fredie Didier; o Juiz e professor de Direito Civil, Pablo Stolze; e a Professora e especialista em Direito Internacional Privado, Cl\u00e1udia Lima Marques.<\/p>\n<p>A Presidente do Tribunal de Justi\u00e7a da Bahia, Desembargadora Cynthia Maria Pina Resende, ressalta a import\u00e2ncia da iniciativa. &#8220;Este evento re\u00fane especialistas renomados do Superior Tribunal de Justi\u00e7a, do Tribunal Superior do Trabalho, da Federa\u00e7\u00e3o das C\u00e2maras de Dirigentes Lojistas da Bahia, bem como de outros segmentos da iniciativa privada para discutir temas relevantes ao ambiente jur\u00eddico e empresarial.<\/p>\n<p>A celeridade processual, a aplica\u00e7\u00e3o da tecnologia e da evolu\u00e7\u00e3o digital &#8211; com a intelig\u00eancia artificial e a contribui\u00e7\u00e3o ao Direito &#8211; refletem o compromisso do Tribunal de Justi\u00e7a da Bahia em facilitar o acesso da sociedade \u00e0 Justi\u00e7a e promover a discuss\u00e3o de temas importantes para o desenvolvimento dos setores p\u00fablico e privado do Estado da Bahia.\u201d afirma a Desembargadora.<\/p>\n<p>O coordenador do semin\u00e1rio e assessor jur\u00eddico da CDL Salvador, S\u00e9rgio Schlang, tamb\u00e9m destaca. &#8220;Ser\u00e1 uma excelente oportunidade para atualizar o cen\u00e1rio jur\u00eddico, abordar a celeridade dos processos, a aplica\u00e7\u00e3o da intelig\u00eancia artificial e a renova\u00e7\u00e3o necess\u00e1ria ao Direito, que ser\u00e3o amplamente debatidas durante o evento&#8221;, afirma.<\/p>\n","protected":false},"excerpt":{"rendered":"<p>O Tribunal de Justi\u00e7a da Bahia (TJBA), a FCDL Bahia e a CDL Salvador promovem o Semin\u00e1rio Jur\u00eddico: Perspectivas Jur\u00eddicas sobre as Rela\u00e7\u00f5es Comerciais, que ser\u00e1 realizado no dia 29 de maio (quinta-feira), das 8h \u00e0s 18h, no Audit\u00f3rio Desembargadora Olny Silva, na sede do TJBA, no Centro Administrativo da Bahia. Com previs\u00e3o de reunir [&hellip;]<\/p>\n","protected":false},"author":1,"featured_media":12829,"comment_status":"open","ping_status":"closed","sticky":false,"template":"","format":"standard","meta":{"jnews-multi-image_gallery":[],"jnews_single_post":[],"jnews_primary_category":[],"footnotes":""},"categories":[86],"tags":[],"class_list":["post-12827","post","type-post","status-publish","format-standard","has-post-thumbnail","hentry","category-salvador"],"_links":{"self":[{"href":"https:\/\/cidadebaixaonline.com.br\/index.php\/wp-json\/wp\/v2\/posts\/12827","targetHints":{"allow":["GET"]}}],"collection":[{"href":"https:\/\/cidadebaixaonline.com.br\/index.php\/wp-json\/wp\/v2\/posts"}],"about":[{"href":"https:\/\/cidadebaixaonline.com.br\/index.php\/wp-json\/wp\/v2\/types\/post"}],"author":[{"embeddable":true,"href":"https:\/\/cidadebaixaonline.com.br\/index.php\/wp-json\/wp\/v2\/users\/1"}],"replies":[{"embeddable":true,"href":"https:\/\/cidadebaixaonline.com.br\/index.php\/wp-json\/wp\/v2\/comments?post=12827"}],"version-history":[{"count":1,"href":"https:\/\/cidadebaixaonline.com.br\/index.php\/wp-json\/wp\/v2\/posts\/12827\/revisions"}],"predecessor-version":[{"id":12828,"href":"https:\/\/cidadebaixaonline.com.br\/index.php\/wp-json\/wp\/v2\/posts\/12827\/revisions\/12828"}],"wp:featuredmedia":[{"embeddable":true,"href":"https:\/\/cidadebaixaonline.com.br\/index.php\/wp-json\/wp\/v2\/media\/12829"}],"wp:attachment":[{"href":"https:\/\/cidadebaixaonline.com.br\/index.php\/wp-json\/wp\/v2\/media?parent=12827"}],"wp:term":[{"taxonomy":"category","embeddable":true,"href":"https:\/\/cidadebaixaonline.com.br\/index.php\/wp-json\/wp\/v2\/categories?post=12827"},{"taxonomy":"post_tag","embeddable":true,"href":"https:\/\/cidadebaixaonline.com.br\/index.php\/wp-json\/wp\/v2\/tags?post=12827"}],"curies":[{"name":"wp","href":"https:\/\/api.w.org\/{rel}","templated":true}]}}