{"id":12824,"date":"2025-05-13T19:41:12","date_gmt":"2025-05-13T22:41:12","guid":{"rendered":"https:\/\/cidadebaixaonline.com.br\/?p=12824"},"modified":"2025-05-13T19:41:12","modified_gmt":"2025-05-13T22:41:12","slug":"setur-ba-contribui-para-aumento-da-ocupacao-hoteleira-na-capital-baiana","status":"publish","type":"post","link":"https:\/\/cidadebaixaonline.com.br\/index.php\/2025\/05\/13\/setur-ba-contribui-para-aumento-da-ocupacao-hoteleira-na-capital-baiana\/","title":{"rendered":"Setur-BA contribui para aumento da ocupa\u00e7\u00e3o hoteleira na capital baiana"},"content":{"rendered":"<p>Pelo calend\u00e1rio tur\u00edstico do pa\u00eds, estamos na baixa temporada, mas a rede hoteleira de Salvador comemora alta nos neg\u00f3cios. De acordo com a Associa\u00e7\u00e3o Brasileira da Ind\u00fastria de Hot\u00e9is, se\u00e7\u00e3o Bahia (Abih-BA), em abril de 2025 a ocupa\u00e7\u00e3o de leitos na capital alcan\u00e7ou 64,5%, \u00edndice superior ao registrado no mesmo per\u00edodo de 2024, que foi de 54%. No comparativo, a m\u00e9dia do valor da di\u00e1ria tamb\u00e9m aumentou em 18,1%.<\/p>\n<p>Segundo a Secretaria de Turismo do Estado (Setur-BA), o resultado positivo est\u00e1 relacionado \u00e0s a\u00e7\u00f5es de promo\u00e7\u00e3o do destino e de incentivo a eventos sediados na cidade, feitas pelo \u00f3rg\u00e3o, associadas ao dinamismo dos hoteleiros, al\u00e9m do feriado prolongado que uniu a Semana Santa e o Dia de Tiradentes. Em abril deste ano, a secretaria apoiou 32 iniciativas, como congressos, semin\u00e1rios e manifesta\u00e7\u00f5es culturais, que trouxeram milhares de visitantes para Salvador.<\/p>\n<p>\u201cO turismo de neg\u00f3cios \u00e9 um segmento em expans\u00e3o na Bahia. Para acelerar esse processo, na sazonalidade, o Governo do Estado tem apoiado iniciativas de diversos segmentos, que movimentam a economia. Fazemos tamb\u00e9m a capta\u00e7\u00e3o de grandes eventos nacionais e internacionais, mostrando que oferecemos infraestrutura, atrativos e conectividade a\u00e9rea\u201d, explicou o titular da Setur-BA, Maur\u00edcio Bacelar.<\/p>\n<p>\u201cO impacto do turismo de neg\u00f3cios tem sido extremamente positivo para o setor hoteleiro em Salvador. Chegamos a ter per\u00edodos com mais de 80% de ocupa\u00e7\u00e3o, no m\u00eas de abril. Com esse importante apoio do Governo do Estado, a cidade evidencia sua voca\u00e7\u00e3o para sediar encontros t\u00e9cnicos de grande porte, que contribuem para o incremento das atividades tur\u00edsticas\u201d, destacou o presidente da Abih-BA, Wilson Spagnol.<\/p>\n","protected":false},"excerpt":{"rendered":"<p>Pelo calend\u00e1rio tur\u00edstico do pa\u00eds, estamos na baixa temporada, mas a rede hoteleira de Salvador comemora alta nos neg\u00f3cios. De acordo com a Associa\u00e7\u00e3o Brasileira da Ind\u00fastria de Hot\u00e9is, se\u00e7\u00e3o Bahia (Abih-BA), em abril de 2025 a ocupa\u00e7\u00e3o de leitos na capital alcan\u00e7ou 64,5%, \u00edndice superior ao registrado no mesmo per\u00edodo de 2024, que foi [&hellip;]<\/p>\n","protected":false},"author":1,"featured_media":12826,"comment_status":"open","ping_status":"closed","sticky":false,"template":"","format":"standard","meta":{"jnews-multi-image_gallery":[],"jnews_single_post":[],"jnews_primary_category":[],"footnotes":""},"categories":[108],"tags":[],"class_list":["post-12824","post","type-post","status-publish","format-standard","has-post-thumbnail","hentry","category-turismo"],"_links":{"self":[{"href":"https:\/\/cidadebaixaonline.com.br\/index.php\/wp-json\/wp\/v2\/posts\/12824","targetHints":{"allow":["GET"]}}],"collection":[{"href":"https:\/\/cidadebaixaonline.com.br\/index.php\/wp-json\/wp\/v2\/posts"}],"about":[{"href":"https:\/\/cidadebaixaonline.com.br\/index.php\/wp-json\/wp\/v2\/types\/post"}],"author":[{"embeddable":true,"href":"https:\/\/cidadebaixaonline.com.br\/index.php\/wp-json\/wp\/v2\/users\/1"}],"replies":[{"embeddable":true,"href":"https:\/\/cidadebaixaonline.com.br\/index.php\/wp-json\/wp\/v2\/comments?post=12824"}],"version-history":[{"count":1,"href":"https:\/\/cidadebaixaonline.com.br\/index.php\/wp-json\/wp\/v2\/posts\/12824\/revisions"}],"predecessor-version":[{"id":12825,"href":"https:\/\/cidadebaixaonline.com.br\/index.php\/wp-json\/wp\/v2\/posts\/12824\/revisions\/12825"}],"wp:featuredmedia":[{"embeddable":true,"href":"https:\/\/cidadebaixaonline.com.br\/index.php\/wp-json\/wp\/v2\/media\/12826"}],"wp:attachment":[{"href":"https:\/\/cidadebaixaonline.com.br\/index.php\/wp-json\/wp\/v2\/media?parent=12824"}],"wp:term":[{"taxonomy":"category","embeddable":true,"href":"https:\/\/cidadebaixaonline.com.br\/index.php\/wp-json\/wp\/v2\/categories?post=12824"},{"taxonomy":"post_tag","embeddable":true,"href":"https:\/\/cidadebaixaonline.com.br\/index.php\/wp-json\/wp\/v2\/tags?post=12824"}],"curies":[{"name":"wp","href":"https:\/\/api.w.org\/{rel}","templated":true}]}}