{"id":12809,"date":"2025-05-12T15:27:49","date_gmt":"2025-05-12T18:27:49","guid":{"rendered":"https:\/\/cidadebaixaonline.com.br\/?p=12809"},"modified":"2025-05-12T15:27:49","modified_gmt":"2025-05-12T18:27:49","slug":"maes-soteropolitanas-sao-beneficiadas-com-acoes-assistenciais-da-prefeitura","status":"publish","type":"post","link":"https:\/\/cidadebaixaonline.com.br\/index.php\/2025\/05\/12\/maes-soteropolitanas-sao-beneficiadas-com-acoes-assistenciais-da-prefeitura\/","title":{"rendered":"M\u00e3es soteropolitanas s\u00e3o beneficiadas com a\u00e7\u00f5es assistenciais da Prefeitura"},"content":{"rendered":"<p>Neste m\u00eas de maio, em que \u00e9 celebrado o Dia das M\u00e3es, milhares de mam\u00e3es soteropolitanas t\u00eam muito a comemorar com as diversas a\u00e7\u00f5es socioassistenciais que s\u00e3o promovidas pela Prefeitura, por meio da Secretaria Municipal de Promo\u00e7\u00e3o Social, Combate \u00e0 Pobreza, Esporte e Lazer (Sempre), durante todo o ano. Dentre os destaques est\u00e3o as inscri\u00e7\u00f5es para o Bolsa Fam\u00edlia, a concess\u00e3o de aux\u00edlios Moradia e Natalidade; Seguran\u00e7a Alimentar, por meio de dez Restaurantes Populares; democratiza\u00e7\u00e3o da pr\u00e1tica esportiva gratuita com a entrega de 14 Academias Salvador; apoio a m\u00e3es de Pessoas com Transtorno do Espectro Autista (TEA), dentre outras iniciativas que tem proporcionado mais autonomia e transforma\u00e7\u00f5es na vida delas.<\/p>\n<p>Somente atrav\u00e9s do Cadastro \u00danico (Cad\u00danico), a Sempre conta com um total de 435.690 mulheres respons\u00e1veis pela renda familiar, o que equivale a 77% dos cadastrados. \u201cO Cad\u00danico \u00e9 a porta de entrada, por exemplo, para o recebimento do Bolsa Fam\u00edlia, bem como de outros importantes benef\u00edcios, levando em considera\u00e7\u00e3o que essas informa\u00e7\u00f5es proporcionam v\u00e1rias pol\u00edticas p\u00fablicas de assist\u00eancia social, sa\u00fade, educa\u00e7\u00e3o, emprego e renda. Cada programa tem uma exig\u00eancia diferente e, o primeiro passo \u00e9 ter sempre seu cadastro atualizado. E, hoje, podemos perceber como muitas m\u00e3es fazem o papel de chefes de fam\u00edlia, sustentando suas fam\u00edlias por meio dos aux\u00edlios\u201d, frisa o titular da Sempre, J\u00fanior Magalh\u00e3es, reiterando sempre o zelo pelo bom atendimento em todos os postos disponibilizados.<\/p>\n<p>O papel da Prefeitura, conforme o gestor, \u00e9 realizar o cadastramento e a atualiza\u00e7\u00e3o cadastral (recadastramento) das fam\u00edlias. Tamb\u00e9m s\u00e3o promovidas a\u00e7\u00f5es de busca ativa para mapeamento das demandas em todos os bairros de Salvador, com a inclus\u00e3o de novos cadastros, atividade que vem sido realizada pelos Agentes Vida Nova.<\/p>\n<p>Abandonada pelos pais dos sete filhos, Renilda Palmeira, 39 anos, atuando como diarista por cinco dias da semana, relata como o Bolsa Fam\u00edlia tem ajudado na pr\u00f3pria subsist\u00eancia e dos seus filhos. \u201cFrequento o Cad\u00danico de dois em dois anos. Se n\u00e3o fosse o atendimento que tenho aqui, essa oportunidade de atualizar meu cadastro e manter meu benef\u00edcio ativo faria com que eu e meus filhos j\u00e1 estiv\u00e9ssemos passando fome, pois, al\u00e9m da minha luta di\u00e1ria, n\u00e3o posso contar com os pais. Sou pai e m\u00e3e\u201d, conta, expressando gratid\u00e3o por hoje ter casa mobiliada, roupas e alimenta\u00e7\u00e3o para colocar na mesa.<\/p>\n<p><strong>Aux\u00edlio Natalidade<\/strong>\u00a0\u2013 Em outro contexto, mas apontando a mesma gratid\u00e3o, a m\u00e3e de primeira viagem Sthefane Costa, atendida pelo Centro de Refer\u00eancia de Assist\u00eancia Social (Cras) de Val\u00e9ria, revela que teve uma ajuda importante com o Aux\u00edlio Natalidade. \u201cEu e meu esposo est\u00e1vamos passando dificuldades e o Cras me acolheu, me abra\u00e7ou e me ajudou bastante. Com o Aux\u00edlio Natalidade, ganhei ber\u00e7o, banheira, roupinhas, muitas coisas que eu estava sem condi\u00e7\u00f5es de comprar\u201d, diz, sem esconder a emo\u00e7\u00e3o de passar o Dia das M\u00e3es ao lado da filha.<\/p>\n<p>\u201cTrata-se de mais uma pol\u00edtica p\u00fablica da gest\u00e3o municipal que tem como objetivo promover o acolhimento e dar apoio \u00e0s gestantes em situa\u00e7\u00e3o de vulnerabilidade social da nossa cidade. Renovamos o kit, transformando-o em um dos mais completos da hist\u00f3ria para que as m\u00e3es possam se preparar, tornando-se mais seguras para a chegada do beb\u00ea, com direito a ber\u00e7o, colch\u00e3o, banheira, mochila, fralda, mamadeiras e enxoval completo para rec\u00e9m-nascidos\u201d, enfatiza o secret\u00e1rio.<\/p>\n<p><strong>Cras\u00a0<\/strong>\u2013 As dificuldades impostas por uma trajet\u00f3ria de sofrimento, que v\u00e3o para al\u00e9m de financeiras, marcam a hist\u00f3ria de vida de Ingrid Andrade, tamb\u00e9m assistida pelo Cras de Val\u00e9ria. Ela declara que o Centro de Assist\u00eancia Social hoje \u00e9 tido como uma segunda casa, local onde ela recebe apoio de uma forma ampla.<\/p>\n<p>\u201cPassava muita dificuldade, e hoje recebo Cesta B\u00e1sica, Aux\u00edlio Aluguel e j\u00e1 recebi tamb\u00e9m o Natalidade. N\u00e3o posso reclamar de nada, o acolhimento \u00e9 muito grande, me ajuda em v\u00e1rios outros aspectos. Enfrentei luta em minha vida e hoje posso dizer que durmo de forma mais tranquila\u201d, evidencia Ingrid.<\/p>\n<p>O Cras \u00e9 uma unidade p\u00fablica municipal que atua com fam\u00edlias e indiv\u00edduos em um contexto comunit\u00e1rio, com o objetivo de orientar e fortalecer o conv\u00edvio sociofamiliar. A equipe \u00e9 formada por assistentes sociais, psic\u00f3logos, estagi\u00e1rios e pessoal de apoio e administrativo, oferece servi\u00e7os de orienta\u00e7\u00e3o, fortalecimento de v\u00ednculos familiares e comunit\u00e1rios, cadastramento e atualiza\u00e7\u00e3o do Cadastro \u00danico para programas sociais do governo federal, educa\u00e7\u00e3o financeira, orienta\u00e7\u00e3o jur\u00eddica, entre outros.<\/p>\n<p><strong>Esporte\u00a0<\/strong>\u2013 Palco para a realiza\u00e7\u00e3o de atividades variadas, a Academia Salvador tamb\u00e9m tem transformado a vida de diversas gera\u00e7\u00f5es de m\u00e3es soteropolitanas. O projeto visa incentivar e facilitar o acesso \u00e0 pr\u00e1tica de exerc\u00edcios f\u00edsicos, promovendo sa\u00fade e qualidade de vida \u00e0 popula\u00e7\u00e3o.<\/p>\n<p>Incentivada pela filha J\u00e9ssica Falheiros, de 18 anos, Berenice Silva, de 56 anos, passou a frequentar a Academia do Dique do Toror\u00f3, de segunda a sexta-feira. \u201cEu era sedent\u00e1ria, n\u00e3o fazia nenhum tipo de atividade. Depois que essa academia passou a funcionar, estou aqui diariamente, ao lado da minha filha, que muito me estimula. Tenho muito que agradecer \u00e0 Prefeitura pela a\u00e7\u00e3o\u201d, afirma.<\/p>\n","protected":false},"excerpt":{"rendered":"<p>Neste m\u00eas de maio, em que \u00e9 celebrado o Dia das M\u00e3es, milhares de mam\u00e3es soteropolitanas t\u00eam muito a comemorar com as diversas a\u00e7\u00f5es socioassistenciais que s\u00e3o promovidas pela Prefeitura, por meio da Secretaria Municipal de Promo\u00e7\u00e3o Social, Combate \u00e0 Pobreza, Esporte e Lazer (Sempre), durante todo o ano. Dentre os destaques est\u00e3o as inscri\u00e7\u00f5es [&hellip;]<\/p>\n","protected":false},"author":1,"featured_media":12811,"comment_status":"open","ping_status":"closed","sticky":false,"template":"","format":"standard","meta":{"jnews-multi-image_gallery":[],"jnews_single_post":[],"jnews_primary_category":[],"footnotes":""},"categories":[85],"tags":[],"class_list":["post-12809","post","type-post","status-publish","format-standard","has-post-thumbnail","hentry","category-noticias"],"_links":{"self":[{"href":"https:\/\/cidadebaixaonline.com.br\/index.php\/wp-json\/wp\/v2\/posts\/12809","targetHints":{"allow":["GET"]}}],"collection":[{"href":"https:\/\/cidadebaixaonline.com.br\/index.php\/wp-json\/wp\/v2\/posts"}],"about":[{"href":"https:\/\/cidadebaixaonline.com.br\/index.php\/wp-json\/wp\/v2\/types\/post"}],"author":[{"embeddable":true,"href":"https:\/\/cidadebaixaonline.com.br\/index.php\/wp-json\/wp\/v2\/users\/1"}],"replies":[{"embeddable":true,"href":"https:\/\/cidadebaixaonline.com.br\/index.php\/wp-json\/wp\/v2\/comments?post=12809"}],"version-history":[{"count":1,"href":"https:\/\/cidadebaixaonline.com.br\/index.php\/wp-json\/wp\/v2\/posts\/12809\/revisions"}],"predecessor-version":[{"id":12810,"href":"https:\/\/cidadebaixaonline.com.br\/index.php\/wp-json\/wp\/v2\/posts\/12809\/revisions\/12810"}],"wp:featuredmedia":[{"embeddable":true,"href":"https:\/\/cidadebaixaonline.com.br\/index.php\/wp-json\/wp\/v2\/media\/12811"}],"wp:attachment":[{"href":"https:\/\/cidadebaixaonline.com.br\/index.php\/wp-json\/wp\/v2\/media?parent=12809"}],"wp:term":[{"taxonomy":"category","embeddable":true,"href":"https:\/\/cidadebaixaonline.com.br\/index.php\/wp-json\/wp\/v2\/categories?post=12809"},{"taxonomy":"post_tag","embeddable":true,"href":"https:\/\/cidadebaixaonline.com.br\/index.php\/wp-json\/wp\/v2\/tags?post=12809"}],"curies":[{"name":"wp","href":"https:\/\/api.w.org\/{rel}","templated":true}]}}