{"id":12806,"date":"2025-05-12T14:56:54","date_gmt":"2025-05-12T17:56:54","guid":{"rendered":"https:\/\/cidadebaixaonline.com.br\/?p=12806"},"modified":"2025-05-12T14:56:54","modified_gmt":"2025-05-12T17:56:54","slug":"reforco-do-combate-ao-crime-organizado-amplia-em-18-o-numero-de-apreensoes-de-armas-de-fogo","status":"publish","type":"post","link":"https:\/\/cidadebaixaonline.com.br\/index.php\/2025\/05\/12\/reforco-do-combate-ao-crime-organizado-amplia-em-18-o-numero-de-apreensoes-de-armas-de-fogo\/","title":{"rendered":"Refor\u00e7o do combate ao crime organizado amplia em 18% o n\u00famero de apreens\u00f5es de armas de fogo"},"content":{"rendered":"<p class=\"\" data-start=\"170\" data-end=\"353\">A intensifica\u00e7\u00e3o das a\u00e7\u00f5es de intelig\u00eancia contra as fac\u00e7\u00f5es resultou no aumento de 18% das apreens\u00f5es de armas de fogo na Bahia, no per\u00edodo entre os meses de janeiro e abril de 2025.<\/p>\n<p class=\"\" data-start=\"355\" data-end=\"531\">As For\u00e7as de Seguran\u00e7a retiraram das ruas 2.518 fuzis, submetralhadoras, espingardas, pistolas e rev\u00f3lveres. No mesmo per\u00edodo, em 2024, as equipes localizaram 2.129 armamentos.<\/p>\n<p class=\"\" data-start=\"533\" data-end=\"782\">Entre as armas de fogo apreendidas em a\u00e7\u00f5es de intelig\u00eancia e repress\u00e3o qualificada contra o crime organizado, destaca-se a apreens\u00e3o de 21 fuzis. Al\u00e9m de mortes violentas, esse tipo de armamento \u00e9 empregado em a\u00e7\u00f5es contra institui\u00e7\u00f5es financeiras.<\/p>\n<p class=\"\" data-start=\"784\" data-end=\"1038\">\u201cA redu\u00e7\u00e3o de 12% das mortes violentas no estado tem rela\u00e7\u00e3o direta com o aumento das apreens\u00f5es de armas de fogo. Continuaremos trabalhando norteados pela intelig\u00eancia, combatendo as fac\u00e7\u00f5es\u201d, enfatizou o secret\u00e1rio da Seguran\u00e7a P\u00fablica, Marcelo Werner.<\/p>\n","protected":false},"excerpt":{"rendered":"<p>A intensifica\u00e7\u00e3o das a\u00e7\u00f5es de intelig\u00eancia contra as fac\u00e7\u00f5es resultou no aumento de 18% das apreens\u00f5es de armas de fogo na Bahia, no per\u00edodo entre os meses de janeiro e abril de 2025. As For\u00e7as de Seguran\u00e7a retiraram das ruas 2.518 fuzis, submetralhadoras, espingardas, pistolas e rev\u00f3lveres. No mesmo per\u00edodo, em 2024, as equipes localizaram [&hellip;]<\/p>\n","protected":false},"author":1,"featured_media":12808,"comment_status":"open","ping_status":"closed","sticky":false,"template":"","format":"standard","meta":{"jnews-multi-image_gallery":[],"jnews_single_post":[],"jnews_primary_category":[],"footnotes":""},"categories":[105],"tags":[],"class_list":["post-12806","post","type-post","status-publish","format-standard","has-post-thumbnail","hentry","category-policia"],"_links":{"self":[{"href":"https:\/\/cidadebaixaonline.com.br\/index.php\/wp-json\/wp\/v2\/posts\/12806","targetHints":{"allow":["GET"]}}],"collection":[{"href":"https:\/\/cidadebaixaonline.com.br\/index.php\/wp-json\/wp\/v2\/posts"}],"about":[{"href":"https:\/\/cidadebaixaonline.com.br\/index.php\/wp-json\/wp\/v2\/types\/post"}],"author":[{"embeddable":true,"href":"https:\/\/cidadebaixaonline.com.br\/index.php\/wp-json\/wp\/v2\/users\/1"}],"replies":[{"embeddable":true,"href":"https:\/\/cidadebaixaonline.com.br\/index.php\/wp-json\/wp\/v2\/comments?post=12806"}],"version-history":[{"count":1,"href":"https:\/\/cidadebaixaonline.com.br\/index.php\/wp-json\/wp\/v2\/posts\/12806\/revisions"}],"predecessor-version":[{"id":12807,"href":"https:\/\/cidadebaixaonline.com.br\/index.php\/wp-json\/wp\/v2\/posts\/12806\/revisions\/12807"}],"wp:featuredmedia":[{"embeddable":true,"href":"https:\/\/cidadebaixaonline.com.br\/index.php\/wp-json\/wp\/v2\/media\/12808"}],"wp:attachment":[{"href":"https:\/\/cidadebaixaonline.com.br\/index.php\/wp-json\/wp\/v2\/media?parent=12806"}],"wp:term":[{"taxonomy":"category","embeddable":true,"href":"https:\/\/cidadebaixaonline.com.br\/index.php\/wp-json\/wp\/v2\/categories?post=12806"},{"taxonomy":"post_tag","embeddable":true,"href":"https:\/\/cidadebaixaonline.com.br\/index.php\/wp-json\/wp\/v2\/tags?post=12806"}],"curies":[{"name":"wp","href":"https:\/\/api.w.org\/{rel}","templated":true}]}}