{"id":12803,"date":"2025-05-12T14:49:37","date_gmt":"2025-05-12T17:49:37","guid":{"rendered":"https:\/\/cidadebaixaonline.com.br\/?p=12803"},"modified":"2025-05-12T14:49:37","modified_gmt":"2025-05-12T17:49:37","slug":"uneb-convoca-mais-140-tecnicos-e-analistas-universitarios-aprovados-no-concurso-publico","status":"publish","type":"post","link":"https:\/\/cidadebaixaonline.com.br\/index.php\/2025\/05\/12\/uneb-convoca-mais-140-tecnicos-e-analistas-universitarios-aprovados-no-concurso-publico\/","title":{"rendered":"Uneb convoca mais 140 t\u00e9cnicos e analistas universit\u00e1rios aprovados no concurso p\u00fablico"},"content":{"rendered":"<p>A Universidade do Estado da Bahia (Uneb) publicou, na edi\u00e7\u00e3o do \u00faltimo s\u00e1bado (10), do Di\u00e1rio Oficial do Estado (DOE), a convoca\u00e7\u00e3o de mais 70 t\u00e9cnicos universit\u00e1rios e 70 analistas universit\u00e1rios classificados no Concurso P\u00fablico, realizado nos termos do Edital 089\/2024.<\/p>\n<p>A medida refor\u00e7a o compromisso da institui\u00e7\u00e3o em suprir a necessidade de profissionais qualificados em diversos setores acad\u00eamicos e administrativos.<br \/>\nSegundo a Portaria 282\/2025, os convocados devem encaminhar os documentos necess\u00e1rios \u00e0 nomea\u00e7\u00e3o (elencados em anexo da portaria) at\u00e9 o dia 08\/06\/2025, exclusivamente por meio do e-mail\u00a0admissaoconcurso@uneb.br.<\/p>\n<p>Os novos servidores t\u00e9cnicos v\u00e3o exercer suas fun\u00e7\u00f5es em v\u00e1rios departamentos e campi da universidade, na capital e interior do estado, e tamb\u00e9m na administra\u00e7\u00e3o central suprindo car\u00eancia de profissionais nas unidades da institui\u00e7\u00e3o.<\/p>\n<p>\u201cA amplia\u00e7\u00e3o da convoca\u00e7\u00e3o do concurso para t\u00e9cnicos e analistas universit\u00e1rios refor\u00e7a o compromisso da Uneb com a valoriza\u00e7\u00e3o dos servidores e a excel\u00eancia na gest\u00e3o universit\u00e1ria. Com a chegada de mais 140 profissionais, fortalecemos a estrutura da universidade e aprimoramos os servi\u00e7os oferecidos \u00e0 comunidade acad\u00eamica. Esse avan\u00e7o representa um investimento direto na educa\u00e7\u00e3o p\u00fablica e no desenvolvimento da sociedade baiana\u201d, ressalta a reitora da institui\u00e7\u00e3o, Adriana Marmori.<\/p>\n<p>A pr\u00f3-reitora de Gest\u00e3o e Desenvolvimento de Pessoas (PGDP) da Uneb, Ros\u00e2ngela Matos, celebra a expans\u00e3o do quadro de servidores da institui\u00e7\u00e3o como um marco do trabalho da gest\u00e3o e das conquistas obtidas ao longo dos anos. \u201cHoje \u00e9 um dia de muita felicidade para a nossa Uneb. Ver a recomposi\u00e7\u00e3o de nossos quadros de servidores se ampliando a passos largos traduz o reflexo de nossas lutas e do \u00e1rduo trabalho que a nossa gest\u00e3o tem desenvolvido. Neste momento, gostaria de parabenizar nossa reitora, professora Adriana Marmori, a comiss\u00e3o instalada para guiar o concurso e minha equipe da Pr\u00f3-Reitoria de Gest\u00e3o e Desenvolvimento de Pessoas pelo empenho e dedica\u00e7\u00e3o em prol da nossa universidade. Hoje \u00e9 um dia de alegria e celebra\u00e7\u00e3o\u201d, afirma.<\/p>\n<p>Com essa nova chamada, o concurso p\u00fablico (Edital 089\/2024) da Uneb soma o total de 208 convocados, sendo 104 t\u00e9cnicos universit\u00e1rios (n\u00edvel m\u00e9dio) e 104 para analistas universit\u00e1rios (n\u00edvel superior), a partir de convoca\u00e7\u00e3o imediata e da constitui\u00e7\u00e3o de um cadastro reserva de candidatos classificados e n\u00e3o convocados, que poder\u00e3o ser convocados a qualquer momento, assim que houver a aprova\u00e7\u00e3o de novas vagas.<\/p>\n<p>\u201cQuero voltar para Itamaraju e ensinar o skaline e o highline para as crian\u00e7as, para os jovens. N\u00e3o tive nenhum acesso \u00e0 arte e ao esporte quando era mais novo, mas sonho em transformar vidas no meu estado\u201d, conclui, de forma positiva, o Mago do Equil\u00edbrio.<\/p>\n","protected":false},"excerpt":{"rendered":"<p>A Universidade do Estado da Bahia (Uneb) publicou, na edi\u00e7\u00e3o do \u00faltimo s\u00e1bado (10), do Di\u00e1rio Oficial do Estado (DOE), a convoca\u00e7\u00e3o de mais 70 t\u00e9cnicos universit\u00e1rios e 70 analistas universit\u00e1rios classificados no Concurso P\u00fablico, realizado nos termos do Edital 089\/2024. A medida refor\u00e7a o compromisso da institui\u00e7\u00e3o em suprir a necessidade de profissionais qualificados [&hellip;]<\/p>\n","protected":false},"author":1,"featured_media":12805,"comment_status":"open","ping_status":"closed","sticky":false,"template":"","format":"standard","meta":{"jnews-multi-image_gallery":[],"jnews_single_post":[],"jnews_primary_category":[],"footnotes":""},"categories":[169],"tags":[],"class_list":["post-12803","post","type-post","status-publish","format-standard","has-post-thumbnail","hentry","category-uneb"],"_links":{"self":[{"href":"https:\/\/cidadebaixaonline.com.br\/index.php\/wp-json\/wp\/v2\/posts\/12803","targetHints":{"allow":["GET"]}}],"collection":[{"href":"https:\/\/cidadebaixaonline.com.br\/index.php\/wp-json\/wp\/v2\/posts"}],"about":[{"href":"https:\/\/cidadebaixaonline.com.br\/index.php\/wp-json\/wp\/v2\/types\/post"}],"author":[{"embeddable":true,"href":"https:\/\/cidadebaixaonline.com.br\/index.php\/wp-json\/wp\/v2\/users\/1"}],"replies":[{"embeddable":true,"href":"https:\/\/cidadebaixaonline.com.br\/index.php\/wp-json\/wp\/v2\/comments?post=12803"}],"version-history":[{"count":1,"href":"https:\/\/cidadebaixaonline.com.br\/index.php\/wp-json\/wp\/v2\/posts\/12803\/revisions"}],"predecessor-version":[{"id":12804,"href":"https:\/\/cidadebaixaonline.com.br\/index.php\/wp-json\/wp\/v2\/posts\/12803\/revisions\/12804"}],"wp:featuredmedia":[{"embeddable":true,"href":"https:\/\/cidadebaixaonline.com.br\/index.php\/wp-json\/wp\/v2\/media\/12805"}],"wp:attachment":[{"href":"https:\/\/cidadebaixaonline.com.br\/index.php\/wp-json\/wp\/v2\/media?parent=12803"}],"wp:term":[{"taxonomy":"category","embeddable":true,"href":"https:\/\/cidadebaixaonline.com.br\/index.php\/wp-json\/wp\/v2\/categories?post=12803"},{"taxonomy":"post_tag","embeddable":true,"href":"https:\/\/cidadebaixaonline.com.br\/index.php\/wp-json\/wp\/v2\/tags?post=12803"}],"curies":[{"name":"wp","href":"https:\/\/api.w.org\/{rel}","templated":true}]}}