{"id":12797,"date":"2025-05-09T14:04:09","date_gmt":"2025-05-09T17:04:09","guid":{"rendered":"https:\/\/cidadebaixaonline.com.br\/?p=12797"},"modified":"2025-05-09T14:04:10","modified_gmt":"2025-05-09T17:04:10","slug":"obras-de-reforma-do-tca-alteram-acesso-do-publico-bilheteria-e-estacionamento-do-local-entenda","status":"publish","type":"post","link":"https:\/\/cidadebaixaonline.com.br\/index.php\/2025\/05\/09\/obras-de-reforma-do-tca-alteram-acesso-do-publico-bilheteria-e-estacionamento-do-local-entenda\/","title":{"rendered":"Obras de reforma do TCA alteram acesso do p\u00fablico, bilheteria e estacionamento do local; entenda"},"content":{"rendered":"<p>O Complexo do Teatro Castro Alves (TCA) passa, a partir desta sexta-feira (9), por mudan\u00e7as em seus acessos e servi\u00e7os oferecidos. A principal altera\u00e7\u00e3o \u00e9 para o p\u00fablico que vai \u00e0 Concha Ac\u00fastica, que, a partir do dia 16 de maio, ter\u00e1 como \u00fanico ponto de acesso \u00e0 entrada na Ladeira da Fonte, na parte de baixo da unidade. Nesse mesmo local estar\u00e1 a bilheteria, que deixar\u00e1 de funcionar na frente do TCA, no Campo Grande.<\/p>\n<p>As altera\u00e7\u00f5es, motivadas pelo avan\u00e7o das obras do novo TCA, s\u00e3o v\u00e1lidas at\u00e9 o final da constru\u00e7\u00e3o e incluem ainda o fechamento do estacionamento e a mudan\u00e7a na entrada da Sala do Coro.<\/p>\n<p><strong>Confira detalhes das mudan\u00e7as:<\/strong><\/p>\n<p>Entrada na Concha Ac\u00fastica: o acesso ser\u00e1 exclusivo pela entrada na Ladeira da Fonte a partir do dia 16. Para quem vem do Campo Grande, \u00e9 a via que tem in\u00edcio entre a Igreja Si\u00e3o e a Galeria Forte de S\u00e3o Pedro.<\/p>\n<p>Bilheteria: a bilheteria f\u00edsica tamb\u00e9m funcionar\u00e1 apenas no ponto da Ladeira da Fonte, com atendimento de segunda a s\u00e1bado, das 11h \u00e0s 19h, e em dias de evento at\u00e9 \u00e0s 21h.<\/p>\n<p>Estacionamento: ser\u00e1 fechado ao p\u00fablico a partir do dia 10 de maio durante o per\u00edodo das obras. Para o conforto dos visitantes, sugerimos que sejam exploradas alternativas de transporte, como ve\u00edculos por aplicativo, \u00f4nibus ou carona.<\/p>\n<p>Entrada da Sala do Coro: o acesso ser\u00e1 pelo port\u00e3o localizado na Travessa Corneta Lopes (Campo Grande), ao lado do Complexo do TCA. O caminho alternativo levar\u00e1 at\u00e9 a Esplanada do TCA, onde ser\u00e1 poss\u00edvel ingressar na Sala do Coro.<\/p>\n<p>As altera\u00e7\u00f5es v\u00e1lidas a partir de 16 de maio s\u00e3o cruciais para o avan\u00e7o da reforma no Complexo do TCA. Desde 2013 j\u00e1 existiam obras sendo executadas para moderniza\u00e7\u00e3o da unidade. Em 2016, foi finalizada a primeira etapa do projeto, alcan\u00e7ando a Concha Ac\u00fastica, espa\u00e7o que teve sua estrutura qualificada para receber grandes apresenta\u00e7\u00f5es. Uma segunda etapa aconteceu em 2017, com foco na reforma da Sala do Coro, e foi entregue em 2018.<\/p>\n<p>Na terceira e \u00faltima etapa, est\u00e3o a Sala Principal, foyer, jardim suspenso, Centro T\u00e9cnico, salas de ensaio dos corpos art\u00edsticos (BTCA e Osba) e \u00e1reas administrativas. S\u00e3o obras iniciadas em 2024 e que contemplam desocupa\u00e7\u00e3o do pr\u00e9dio central, demoli\u00e7\u00e3o de \u00e1reas estruturais, retirada de equipamentos e medi\u00e7\u00f5es ac\u00fasticas da Sala Principal. Interven\u00e7\u00f5es na fachada e constru\u00e7\u00f5es do backstage e das salas de ensaio s\u00e3o a\u00e7\u00f5es em andamento no momento.<\/p>\n<p><strong>Novo TCA<\/strong><\/p>\n<p>\u00cdcone da arquitetura moderna brasileira, patrim\u00f4nio cultural do Brasil tombado pelo Iphan em 2014 e um dos complexos culturais mais importantes do pa\u00eds, o Teatro Castro Alves tem como objetivo nessa nova etapa de reforma a moderniza\u00e7\u00e3o da sua Sala Principal, o restauro do Foyer, a requalifica\u00e7\u00e3o do Jardim Suspenso, al\u00e9m de interven\u00e7\u00f5es no Centro T\u00e9cnico do TCA, salas administrativas e melhora nas depend\u00eancias dos corpos art\u00edsticos \u2013 Bal\u00e9 Teatro Castro Alves (BTCA) e Orquestra Sinf\u00f4nica Da Bahia (OSBA).<\/p>\n","protected":false},"excerpt":{"rendered":"<p>O Complexo do Teatro Castro Alves (TCA) passa, a partir desta sexta-feira (9), por mudan\u00e7as em seus acessos e servi\u00e7os oferecidos. A principal altera\u00e7\u00e3o \u00e9 para o p\u00fablico que vai \u00e0 Concha Ac\u00fastica, que, a partir do dia 16 de maio, ter\u00e1 como \u00fanico ponto de acesso \u00e0 entrada na Ladeira da Fonte, na parte [&hellip;]<\/p>\n","protected":false},"author":1,"featured_media":12799,"comment_status":"open","ping_status":"closed","sticky":false,"template":"","format":"standard","meta":{"jnews-multi-image_gallery":[],"jnews_single_post":[],"jnews_primary_category":[],"footnotes":""},"categories":[168],"tags":[],"class_list":["post-12797","post","type-post","status-publish","format-standard","has-post-thumbnail","hentry","category-novo-tca"],"_links":{"self":[{"href":"https:\/\/cidadebaixaonline.com.br\/index.php\/wp-json\/wp\/v2\/posts\/12797","targetHints":{"allow":["GET"]}}],"collection":[{"href":"https:\/\/cidadebaixaonline.com.br\/index.php\/wp-json\/wp\/v2\/posts"}],"about":[{"href":"https:\/\/cidadebaixaonline.com.br\/index.php\/wp-json\/wp\/v2\/types\/post"}],"author":[{"embeddable":true,"href":"https:\/\/cidadebaixaonline.com.br\/index.php\/wp-json\/wp\/v2\/users\/1"}],"replies":[{"embeddable":true,"href":"https:\/\/cidadebaixaonline.com.br\/index.php\/wp-json\/wp\/v2\/comments?post=12797"}],"version-history":[{"count":1,"href":"https:\/\/cidadebaixaonline.com.br\/index.php\/wp-json\/wp\/v2\/posts\/12797\/revisions"}],"predecessor-version":[{"id":12798,"href":"https:\/\/cidadebaixaonline.com.br\/index.php\/wp-json\/wp\/v2\/posts\/12797\/revisions\/12798"}],"wp:featuredmedia":[{"embeddable":true,"href":"https:\/\/cidadebaixaonline.com.br\/index.php\/wp-json\/wp\/v2\/media\/12799"}],"wp:attachment":[{"href":"https:\/\/cidadebaixaonline.com.br\/index.php\/wp-json\/wp\/v2\/media?parent=12797"}],"wp:term":[{"taxonomy":"category","embeddable":true,"href":"https:\/\/cidadebaixaonline.com.br\/index.php\/wp-json\/wp\/v2\/categories?post=12797"},{"taxonomy":"post_tag","embeddable":true,"href":"https:\/\/cidadebaixaonline.com.br\/index.php\/wp-json\/wp\/v2\/tags?post=12797"}],"curies":[{"name":"wp","href":"https:\/\/api.w.org\/{rel}","templated":true}]}}