{"id":12711,"date":"2025-04-30T15:53:36","date_gmt":"2025-04-30T18:53:36","guid":{"rendered":"https:\/\/cidadebaixaonline.com.br\/?p=12711"},"modified":"2025-04-30T15:53:38","modified_gmt":"2025-04-30T18:53:38","slug":"bruno-reis-cobra-resposta-do-governo-do-estado-apos-atos-de-vandalismo-e-uniao-de-faccoes","status":"publish","type":"post","link":"https:\/\/cidadebaixaonline.com.br\/index.php\/2025\/04\/30\/bruno-reis-cobra-resposta-do-governo-do-estado-apos-atos-de-vandalismo-e-uniao-de-faccoes\/","title":{"rendered":"Bruno Reis cobra resposta do governo do Estado ap\u00f3s atos de vandalismo e uni\u00e3o de fac\u00e7\u00f5es"},"content":{"rendered":"<p class=\"\" data-start=\"0\" data-end=\"309\">O prefeito Bruno Reis (Uni\u00e3o Progressista) classificou como \u201clament\u00e1veis\u201d os recentes atos de vandalismo registrados em Salvador nos \u00faltimos dias, referindo-se ao inc\u00eandio de ve\u00edculos no Lobato e \u00e0 queima de fogos em diversos bairros, celebrando a uni\u00e3o de fac\u00e7\u00f5es, e cobrou uma resposta do governo do Estado.<\/p>\n<p class=\"\" data-start=\"311\" data-end=\"863\">\u201cInfelizmente, o que vimos ocorrer nas \u00faltimas 48 horas em nossa cidade foi algo lament\u00e1vel. Primeiro, no Lobato, com o inc\u00eandio de ve\u00edculos \u2014 um verdadeiro campo de batalha \u2014 e, at\u00e9 agora, sem qualquer resposta efetiva do comando das for\u00e7as de seguran\u00e7a do Estado. Observamos o que ocorreu na madrugada, e at\u00e9 o momento ningu\u00e9m foi preso nem identificados os respons\u00e1veis. O crime continua tomando conta das ruas\u201d, afirmou o chefe do Executivo municipal, durante a entrega da obra de conten\u00e7\u00e3o de encosta em Fazenda Grande II, nesta quarta-feira (30).<\/p>\n<p class=\"\" data-start=\"865\" data-end=\"1064\">O gestor aproveitou o momento para criticar a gest\u00e3o estadual, destacando que as celebra\u00e7\u00f5es de uni\u00e3o de fac\u00e7\u00f5es aconteceram \u201cdiante do sil\u00eancio do governo do Estado, sem nenhuma atitude ou provid\u00eancia\u201d.<\/p>\n<p class=\"\" data-start=\"1066\" data-end=\"1445\">\u201cQuando comparamos esses atos de vandalismo com a falta de seguran\u00e7a e de comando, fica evidente o problema. Registramos depreda\u00e7\u00f5es na Pedra de Xang\u00f4 e nas esculturas das Gordinhas, como j\u00e1 havia ocorrido em outras \u00e1reas. No Rio Vermelho, no Largo da Dinha \u2014 um dos pontos tur\u00edsticos da cidade \u2014 encontramos picha\u00e7\u00f5es com a inscri\u00e7\u00e3o \u2018Comando Vermelho\u2019\u201d, acrescentou o prefeito.<\/p>\n<p class=\"\" data-start=\"1447\" data-end=\"1951\">Em indireta ao governador Jer\u00f4nimo Rodrigues (PT), ele questionou quais provid\u00eancias seriam tomadas e afirmou ser inaceit\u00e1vel n\u00e3o identificar os respons\u00e1veis pelas a\u00e7\u00f5es. \u201cFalta intelig\u00eancia, falta atua\u00e7\u00e3o policial, falta comando, falta lideran\u00e7a na condu\u00e7\u00e3o das for\u00e7as de seguran\u00e7a do nosso Estado. E, infelizmente, a cada dia a situa\u00e7\u00e3o s\u00f3 piora. Chegamos \u00e0 triste conclus\u00e3o de que essa gest\u00e3o n\u00e3o tem a m\u00ednima condi\u00e7\u00e3o de resolver os problemas de seguran\u00e7a que Salvador e a Bahia enfrentam\u201d, concluiu.<\/p>\n","protected":false},"excerpt":{"rendered":"<p>O prefeito Bruno Reis (Uni\u00e3o Progressista) classificou como \u201clament\u00e1veis\u201d os recentes atos de vandalismo registrados em Salvador nos \u00faltimos dias, referindo-se ao inc\u00eandio de ve\u00edculos no Lobato e \u00e0 queima de fogos em diversos bairros, celebrando a uni\u00e3o de fac\u00e7\u00f5es, e cobrou uma resposta do governo do Estado. \u201cInfelizmente, o que vimos ocorrer nas \u00faltimas [&hellip;]<\/p>\n","protected":false},"author":1,"featured_media":12713,"comment_status":"open","ping_status":"closed","sticky":false,"template":"","format":"standard","meta":{"jnews-multi-image_gallery":[],"jnews_single_post":[],"jnews_primary_category":[],"footnotes":""},"categories":[131],"tags":[],"class_list":["post-12711","post","type-post","status-publish","format-standard","has-post-thumbnail","hentry","category-crime"],"_links":{"self":[{"href":"https:\/\/cidadebaixaonline.com.br\/index.php\/wp-json\/wp\/v2\/posts\/12711","targetHints":{"allow":["GET"]}}],"collection":[{"href":"https:\/\/cidadebaixaonline.com.br\/index.php\/wp-json\/wp\/v2\/posts"}],"about":[{"href":"https:\/\/cidadebaixaonline.com.br\/index.php\/wp-json\/wp\/v2\/types\/post"}],"author":[{"embeddable":true,"href":"https:\/\/cidadebaixaonline.com.br\/index.php\/wp-json\/wp\/v2\/users\/1"}],"replies":[{"embeddable":true,"href":"https:\/\/cidadebaixaonline.com.br\/index.php\/wp-json\/wp\/v2\/comments?post=12711"}],"version-history":[{"count":1,"href":"https:\/\/cidadebaixaonline.com.br\/index.php\/wp-json\/wp\/v2\/posts\/12711\/revisions"}],"predecessor-version":[{"id":12712,"href":"https:\/\/cidadebaixaonline.com.br\/index.php\/wp-json\/wp\/v2\/posts\/12711\/revisions\/12712"}],"wp:featuredmedia":[{"embeddable":true,"href":"https:\/\/cidadebaixaonline.com.br\/index.php\/wp-json\/wp\/v2\/media\/12713"}],"wp:attachment":[{"href":"https:\/\/cidadebaixaonline.com.br\/index.php\/wp-json\/wp\/v2\/media?parent=12711"}],"wp:term":[{"taxonomy":"category","embeddable":true,"href":"https:\/\/cidadebaixaonline.com.br\/index.php\/wp-json\/wp\/v2\/categories?post=12711"},{"taxonomy":"post_tag","embeddable":true,"href":"https:\/\/cidadebaixaonline.com.br\/index.php\/wp-json\/wp\/v2\/tags?post=12711"}],"curies":[{"name":"wp","href":"https:\/\/api.w.org\/{rel}","templated":true}]}}