{"id":12697,"date":"2025-04-29T14:53:21","date_gmt":"2025-04-29T17:53:21","guid":{"rendered":"https:\/\/cidadebaixaonline.com.br\/?p=12697"},"modified":"2025-04-29T14:53:21","modified_gmt":"2025-04-29T17:53:21","slug":"veja-como-vai-ficar-estacao-da-calcada-apos-reforma-para-receber-vlt","status":"publish","type":"post","link":"https:\/\/cidadebaixaonline.com.br\/index.php\/2025\/04\/29\/veja-como-vai-ficar-estacao-da-calcada-apos-reforma-para-receber-vlt\/","title":{"rendered":"Veja como vai ficar Esta\u00e7\u00e3o da Cal\u00e7ada ap\u00f3s reforma para receber VLT"},"content":{"rendered":"<p>Na manh\u00e3 desta ter\u00e7a-feira, 29, o governador\u00a0Jer\u00f4nimo Rodrigues, assinou uma ordem de servi\u00e7o que autoriza o in\u00edcio da reforma da antiga Esta\u00e7\u00e3o da Cal\u00e7ada, em Salvador, como parte das obras do\u00a0Ve\u00edculo Leve sobre Trilhos (VLT).<\/p>\n<p>No evento realizado no Largo da Cal\u00e7ada, na Cidade Baixa, foram apresentadas \u00e0 imprensa algumas imagens com a proje\u00e7\u00e3o da esta\u00e7\u00e3o ap\u00f3s a reforma. Nos mais de 7,5 mil metros quadrados de \u00e1rea constru\u00edda, o projeto prev\u00ea restaura\u00e7\u00e3o das fachadas, instala\u00e7\u00e3o de elevador para acessibilidade, bancos em madeira, ilumina\u00e7\u00e3o c\u00eanica e reaproveitamento de elementos hist\u00f3ricos, como postes antigos e esquadrias em madeira e vidro.<\/p>\n<p>O governo n\u00e3o especificou o valor da interven\u00e7\u00e3o, mas informou que o investimento est\u00e1 incluso nos R$ 1,4 bilh\u00e3o, que ir\u00e3o tamb\u00e9m para a constru\u00e7\u00e3o da Unidade de Beneficiamento de Pescados na IIha de S\u00e3o Jo\u00e3o, destinada a marisqueiras e pescadores, e para a implanta\u00e7\u00e3o do Mercado S\u00e3o Braz, em Plataforma.<\/p>\n<p>\u201cAgora acabei de fazer uma autoriza\u00e7\u00e3o da obra dessa moderniza\u00e7\u00e3o dessa esta\u00e7\u00e3o. Essa esta\u00e7\u00e3o n\u00f3s ser\u00e1 referencial aqui nessa regi\u00e3o, na Cal\u00e7ada para a Liberdade, quem passa por aqui por S\u00e3o Joaquim. Essa regi\u00e3o vai ser valorizada. Ent\u00e3o, n\u00f3s estamos requalificando e dinamizando a vida no Centro Hist\u00f3rico, nessa parte de baixo de Salvador. N\u00f3s estamos fazendo uma esp\u00e9cie de um grande shopping, onde as pessoas poder\u00e3o pegar o VLT para a gente dinamizar essa regi\u00e3o\u201d, disse o governador.<\/p>\n<h4>Testes do VLT<\/h4>\n<p>Durante o evento, o governador Jer\u00f4nimo Rodrigues projetou que os primeiros teste do VLT devem ser iniciados ainda neste ano. \u201cEstamos chegando a quase 20% da obra. A nossa expectativa \u00e9 que a gente possa at\u00e9 o final do ano, em dezembro receber trens para fazer os testes sem gente dentro e na sequ\u00eancia com gente dentro\u201d, disse o governador.<\/p>\n<p>O modal visa substituir o antigo trem do sub\u00farbio, conectando a Ilha de S\u00e3o Jo\u00e3o, o Sub\u00farbio Ferrovi\u00e1rio, o centro e a orla da cidade. No total, o modal ter\u00e1 36,4 quil\u00f4metros, com 34 paradas. O or\u00e7amento \u00e9 de mais de R$ 5 bilh\u00f5es. A expectativa \u00e9 de que o primeiro lote, que liga a Cal\u00e7ada at\u00e9 a Ilha de S\u00e3o Jo\u00e3o seja entregue aos soteropolitanos ainda no primeiro semestre de 2026.<\/p>\n<p>&nbsp;<\/p>\n","protected":false},"excerpt":{"rendered":"<p>Na manh\u00e3 desta ter\u00e7a-feira, 29, o governador\u00a0Jer\u00f4nimo Rodrigues, assinou uma ordem de servi\u00e7o que autoriza o in\u00edcio da reforma da antiga Esta\u00e7\u00e3o da Cal\u00e7ada, em Salvador, como parte das obras do\u00a0Ve\u00edculo Leve sobre Trilhos (VLT). No evento realizado no Largo da Cal\u00e7ada, na Cidade Baixa, foram apresentadas \u00e0 imprensa algumas imagens com a proje\u00e7\u00e3o da [&hellip;]<\/p>\n","protected":false},"author":1,"featured_media":12699,"comment_status":"open","ping_status":"closed","sticky":false,"template":"","format":"standard","meta":{"jnews-multi-image_gallery":[],"jnews_single_post":[],"jnews_primary_category":[],"footnotes":""},"categories":[85],"tags":[],"class_list":["post-12697","post","type-post","status-publish","format-standard","has-post-thumbnail","hentry","category-noticias"],"_links":{"self":[{"href":"https:\/\/cidadebaixaonline.com.br\/index.php\/wp-json\/wp\/v2\/posts\/12697","targetHints":{"allow":["GET"]}}],"collection":[{"href":"https:\/\/cidadebaixaonline.com.br\/index.php\/wp-json\/wp\/v2\/posts"}],"about":[{"href":"https:\/\/cidadebaixaonline.com.br\/index.php\/wp-json\/wp\/v2\/types\/post"}],"author":[{"embeddable":true,"href":"https:\/\/cidadebaixaonline.com.br\/index.php\/wp-json\/wp\/v2\/users\/1"}],"replies":[{"embeddable":true,"href":"https:\/\/cidadebaixaonline.com.br\/index.php\/wp-json\/wp\/v2\/comments?post=12697"}],"version-history":[{"count":1,"href":"https:\/\/cidadebaixaonline.com.br\/index.php\/wp-json\/wp\/v2\/posts\/12697\/revisions"}],"predecessor-version":[{"id":12698,"href":"https:\/\/cidadebaixaonline.com.br\/index.php\/wp-json\/wp\/v2\/posts\/12697\/revisions\/12698"}],"wp:featuredmedia":[{"embeddable":true,"href":"https:\/\/cidadebaixaonline.com.br\/index.php\/wp-json\/wp\/v2\/media\/12699"}],"wp:attachment":[{"href":"https:\/\/cidadebaixaonline.com.br\/index.php\/wp-json\/wp\/v2\/media?parent=12697"}],"wp:term":[{"taxonomy":"category","embeddable":true,"href":"https:\/\/cidadebaixaonline.com.br\/index.php\/wp-json\/wp\/v2\/categories?post=12697"},{"taxonomy":"post_tag","embeddable":true,"href":"https:\/\/cidadebaixaonline.com.br\/index.php\/wp-json\/wp\/v2\/tags?post=12697"}],"curies":[{"name":"wp","href":"https:\/\/api.w.org\/{rel}","templated":true}]}}