{"id":12651,"date":"2025-04-25T16:34:11","date_gmt":"2025-04-25T19:34:11","guid":{"rendered":"https:\/\/cidadebaixaonline.com.br\/?p=12651"},"modified":"2025-04-25T16:34:12","modified_gmt":"2025-04-25T19:34:12","slug":"ladeira-da-montanha-completa-23-dias-interditada","status":"publish","type":"post","link":"https:\/\/cidadebaixaonline.com.br\/index.php\/2025\/04\/25\/ladeira-da-montanha-completa-23-dias-interditada\/","title":{"rendered":"Ladeira da Montanha completa 23 dias interditada"},"content":{"rendered":"<p>A Ladeira da Montanha completa, nesta sexta-feira (25), vinte e tr\u00eas dias interditada. A\u00a0via foi bloqueada\u00a0ap\u00f3s uma solicita\u00e7\u00e3o do Instituto do Patrim\u00f4nio Hist\u00f3rico e Art\u00edstico Nacional (Iphan) em raz\u00e3o do risco de queda de partes de um im\u00f3vel tombado no trecho.<\/p>\n<p>Por conta disso, as linhas de \u00f4nibus que trafegam pela via est\u00e3o com itiner\u00e1rio modificado por tempo indeterminado. As linhas de \u00f4nibus que passam pelo trecho em dire\u00e7\u00e3o \u00e0 rua Carlos Gomes dever\u00e3o utilizar as avenidas da Fran\u00e7a, Lafayette Coutinho, Reitor Miguel Calmon, retornar no Viaduto dos Reis Cat\u00f3licos, acessar o viaduto Menininha do Gantois, Largo do Campo Grande, rua Forte de S\u00e3o Pedro, Avenida Sete de Setembro e seguir seu caminho habitual pela rua Carlos Gomes.<\/p>\n<p>Um ponto provis\u00f3rio foi implantado em frente ao Mercado Modelo, onde j\u00e1 existe uma baia com ponto de parada para os ve\u00edculos de turismo.<\/p>\n<div class=\"flex flex-col w-full font-normal text-[18px] leading-[30px] text-tw-theme-text-default\">\n<p id=\"paragrafo-ih0qy7vn24\">De acordo com a Secretaria Municipal de Mobilidade (Smob), agentes de tr\u00e2nsito e transporte e prepostos das concession\u00e1rias estar\u00e3o pela regi\u00e3o para orientar os usu\u00e1rios sobre as mudan\u00e7as. As linhas ter\u00e3o seu itiner\u00e1rio retomado ap\u00f3s a libera\u00e7\u00e3o da via.<\/p>\n<\/div>\n<div class=\"flex flex-col w-full font-normal text-[18px] leading-[30px] text-tw-theme-text-default\">\n<p id=\"paragrafo-4pyoneu7hg\">A Semob informou que \u00e9 apenas respons\u00e1vel pela implanta\u00e7\u00e3o dos desvios. O Iphan foi questionado sobre a previs\u00e3o para o fim da interdi\u00e7\u00e3o, via assessoria, que disse que iria apurar as informa\u00e7\u00f5es.<\/p>\n<\/div>\n","protected":false},"excerpt":{"rendered":"<p>A Ladeira da Montanha completa, nesta sexta-feira (25), vinte e tr\u00eas dias interditada. A\u00a0via foi bloqueada\u00a0ap\u00f3s uma solicita\u00e7\u00e3o do Instituto do Patrim\u00f4nio Hist\u00f3rico e Art\u00edstico Nacional (Iphan) em raz\u00e3o do risco de queda de partes de um im\u00f3vel tombado no trecho. Por conta disso, as linhas de \u00f4nibus que trafegam pela via est\u00e3o com itiner\u00e1rio [&hellip;]<\/p>\n","protected":false},"author":1,"featured_media":12653,"comment_status":"open","ping_status":"closed","sticky":false,"template":"","format":"standard","meta":{"jnews-multi-image_gallery":[],"jnews_single_post":[],"jnews_primary_category":[],"footnotes":""},"categories":[156],"tags":[],"class_list":["post-12651","post","type-post","status-publish","format-standard","has-post-thumbnail","hentry","category-ladeira-da-montanha"],"_links":{"self":[{"href":"https:\/\/cidadebaixaonline.com.br\/index.php\/wp-json\/wp\/v2\/posts\/12651","targetHints":{"allow":["GET"]}}],"collection":[{"href":"https:\/\/cidadebaixaonline.com.br\/index.php\/wp-json\/wp\/v2\/posts"}],"about":[{"href":"https:\/\/cidadebaixaonline.com.br\/index.php\/wp-json\/wp\/v2\/types\/post"}],"author":[{"embeddable":true,"href":"https:\/\/cidadebaixaonline.com.br\/index.php\/wp-json\/wp\/v2\/users\/1"}],"replies":[{"embeddable":true,"href":"https:\/\/cidadebaixaonline.com.br\/index.php\/wp-json\/wp\/v2\/comments?post=12651"}],"version-history":[{"count":1,"href":"https:\/\/cidadebaixaonline.com.br\/index.php\/wp-json\/wp\/v2\/posts\/12651\/revisions"}],"predecessor-version":[{"id":12652,"href":"https:\/\/cidadebaixaonline.com.br\/index.php\/wp-json\/wp\/v2\/posts\/12651\/revisions\/12652"}],"wp:featuredmedia":[{"embeddable":true,"href":"https:\/\/cidadebaixaonline.com.br\/index.php\/wp-json\/wp\/v2\/media\/12653"}],"wp:attachment":[{"href":"https:\/\/cidadebaixaonline.com.br\/index.php\/wp-json\/wp\/v2\/media?parent=12651"}],"wp:term":[{"taxonomy":"category","embeddable":true,"href":"https:\/\/cidadebaixaonline.com.br\/index.php\/wp-json\/wp\/v2\/categories?post=12651"},{"taxonomy":"post_tag","embeddable":true,"href":"https:\/\/cidadebaixaonline.com.br\/index.php\/wp-json\/wp\/v2\/tags?post=12651"}],"curies":[{"name":"wp","href":"https:\/\/api.w.org\/{rel}","templated":true}]}}