{"id":12648,"date":"2025-04-25T16:21:08","date_gmt":"2025-04-25T19:21:08","guid":{"rendered":"https:\/\/cidadebaixaonline.com.br\/?p=12648"},"modified":"2025-04-25T16:21:08","modified_gmt":"2025-04-25T19:21:08","slug":"santuario-santa-dulce-recebe-missas-pelo-7o-dia-de-morte-do-papa-francisco-neste-domingo-27","status":"publish","type":"post","link":"https:\/\/cidadebaixaonline.com.br\/index.php\/2025\/04\/25\/santuario-santa-dulce-recebe-missas-pelo-7o-dia-de-morte-do-papa-francisco-neste-domingo-27\/","title":{"rendered":"Santu\u00e1rio Santa Dulce recebe missas pelo 7\u00ba dia de morte do papa Francisco neste domingo (27)"},"content":{"rendered":"<p>O Santu\u00e1rio Santa Dulce dos Pobres, localizado em Salvador (Largo de Roma), realiza, no pr\u00f3ximo domingo uma s\u00e9rie de missas em mem\u00f3ria pelo s\u00e9timo dia de morte do Papa Francisco. Entre os principais momentos da programa\u00e7\u00e3o est\u00e1 a celebra\u00e7\u00e3o das 8h30, que ser\u00e1 presidida pelo reitor do Santu\u00e1rio, frei \u00cdcaro Rocha.<\/p>\n<p>Al\u00e9m de reunir fi\u00e9is da primeira santa brasileira, canonizada pelo pont\u00edfice em 2019, a cerim\u00f4nia contar\u00e1 com a participa\u00e7\u00e3o da superintendente das Obras Sociais Irm\u00e3 Dulce (OSID) e sobrinha do Anjo Bom, Maria Rita Pontes. O dia de relembrar o legado do Santo Padre ser\u00e1 marcado ainda por missas \u00e0s 7h, 12h e 16h.<\/p>\n<p>Junto \u00e0 agenda dominical, o Santu\u00e1rio Santa Dulce dos Pobres realizar\u00e1 nove dias de ora\u00e7\u00e3o pela alma do pont\u00edfice, os quais se iniciam logo ap\u00f3s o sepultamento do Papa, seguindo o Novendiali \u2013 per\u00edodo de luto e ora\u00e7\u00e3o em sufr\u00e1gio do Santo Padre, conforme tradi\u00e7\u00e3o da Igreja. \u201cPara n\u00f3s, essa celebra\u00e7\u00e3o tem um car\u00e1ter ainda mais especial, pois somos gratos ao Papa Francisco pelo que ele representou e pela Canoniza\u00e7\u00e3o de Santa Dulce\u201d, afirma o frei \u00cdcaro Rocha.<\/p>\n<p>O Papa Francisco faleceu na \u00faltima segunda-feira (21), aos 88 anos, tendo uma trajet\u00f3ria de vida marcada por gestos de humildade, aten\u00e7\u00e3o aos mais vulner\u00e1veis e defesa incondicional da dignidade humana. Em 2019, presidiu a cerim\u00f4nia que canonizou Irm\u00e3 Dulce, religiosa baiana que dedicou a vida aos mais necessitados. Conhecida como o Anjo Bom da Bahia, a freira se tornou a primeira santa de nosso tempo nascida no Brasil e sua canoniza\u00e7\u00e3o foi a terceira mais r\u00e1pida da hist\u00f3ria (27 anos ap\u00f3s seu falecimento), atr\u00e1s apenas do Papa Jo\u00e3o Paulo II (9 anos ap\u00f3s sua morte) e de Madre Teresa de Calcut\u00e1 (19 anos ap\u00f3s o falecimento da religiosa).<\/p>\n","protected":false},"excerpt":{"rendered":"<p>O Santu\u00e1rio Santa Dulce dos Pobres, localizado em Salvador (Largo de Roma), realiza, no pr\u00f3ximo domingo uma s\u00e9rie de missas em mem\u00f3ria pelo s\u00e9timo dia de morte do Papa Francisco. Entre os principais momentos da programa\u00e7\u00e3o est\u00e1 a celebra\u00e7\u00e3o das 8h30, que ser\u00e1 presidida pelo reitor do Santu\u00e1rio, frei \u00cdcaro Rocha. Al\u00e9m de reunir fi\u00e9is [&hellip;]<\/p>\n","protected":false},"author":1,"featured_media":12650,"comment_status":"open","ping_status":"closed","sticky":false,"template":"","format":"standard","meta":{"jnews-multi-image_gallery":[],"jnews_single_post":[],"jnews_primary_category":[],"footnotes":""},"categories":[85],"tags":[],"class_list":["post-12648","post","type-post","status-publish","format-standard","has-post-thumbnail","hentry","category-noticias"],"_links":{"self":[{"href":"https:\/\/cidadebaixaonline.com.br\/index.php\/wp-json\/wp\/v2\/posts\/12648","targetHints":{"allow":["GET"]}}],"collection":[{"href":"https:\/\/cidadebaixaonline.com.br\/index.php\/wp-json\/wp\/v2\/posts"}],"about":[{"href":"https:\/\/cidadebaixaonline.com.br\/index.php\/wp-json\/wp\/v2\/types\/post"}],"author":[{"embeddable":true,"href":"https:\/\/cidadebaixaonline.com.br\/index.php\/wp-json\/wp\/v2\/users\/1"}],"replies":[{"embeddable":true,"href":"https:\/\/cidadebaixaonline.com.br\/index.php\/wp-json\/wp\/v2\/comments?post=12648"}],"version-history":[{"count":1,"href":"https:\/\/cidadebaixaonline.com.br\/index.php\/wp-json\/wp\/v2\/posts\/12648\/revisions"}],"predecessor-version":[{"id":12649,"href":"https:\/\/cidadebaixaonline.com.br\/index.php\/wp-json\/wp\/v2\/posts\/12648\/revisions\/12649"}],"wp:featuredmedia":[{"embeddable":true,"href":"https:\/\/cidadebaixaonline.com.br\/index.php\/wp-json\/wp\/v2\/media\/12650"}],"wp:attachment":[{"href":"https:\/\/cidadebaixaonline.com.br\/index.php\/wp-json\/wp\/v2\/media?parent=12648"}],"wp:term":[{"taxonomy":"category","embeddable":true,"href":"https:\/\/cidadebaixaonline.com.br\/index.php\/wp-json\/wp\/v2\/categories?post=12648"},{"taxonomy":"post_tag","embeddable":true,"href":"https:\/\/cidadebaixaonline.com.br\/index.php\/wp-json\/wp\/v2\/tags?post=12648"}],"curies":[{"name":"wp","href":"https:\/\/api.w.org\/{rel}","templated":true}]}}