{"id":12642,"date":"2025-04-24T16:29:22","date_gmt":"2025-04-24T19:29:22","guid":{"rendered":"https:\/\/cidadebaixaonline.com.br\/?p=12642"},"modified":"2025-04-24T16:29:22","modified_gmt":"2025-04-24T19:29:22","slug":"carteira-assinada-x-bolsa-familia-e-tema-de-evento-em-salvador","status":"publish","type":"post","link":"https:\/\/cidadebaixaonline.com.br\/index.php\/2025\/04\/24\/carteira-assinada-x-bolsa-familia-e-tema-de-evento-em-salvador\/","title":{"rendered":"Carteira assinada x Bolsa Fam\u00edlia \u00e9 tema de evento em Salvador"},"content":{"rendered":"<p>A 14\u00aa Semana de Valoriza\u00e7\u00e3o do Trabalho Dom\u00e9stico \u00e9 realizada pela\u00a0Secretaria do Trabalho, Emprego, Renda e Esporte (Setre), por meio da\u00a0Agenda Bahia do Trabalho Decente (ABTD) entre esta sexta-feira, 25, e 27. O evento traz importantes discuss\u00f5es como a rela\u00e7\u00e3o entre o v\u00ednculo de emprego com o recebimento do Bolsa Fam\u00edlia, al\u00e9m de outros servi\u00e7os gratuitos. A abertura acontece dia 25, \u00e0s 9h30, no Shopping da Bahia, piso L1.<\/p>\n<p>Sobre o Evento<\/p>\n<p>A semana de Valoriza\u00e7\u00e3o do Trabalho Dom\u00e9stico \u00e9 um espa\u00e7o de debate, acolhimento e promo\u00e7\u00e3o de um trabalho digno para as pessoas dessa \u00e1rea que foi estimada, em 2024, em 413 pessoas na Bahia, sendo um n\u00famero 13,5% maior em rela\u00e7\u00e3o ao per\u00edodo de 2023, de acordo com o Pnad Cont\u00ednua (IBGE).\u00a0Desse n\u00famero total, 93,7% s\u00e3o mulheres, que d\u00e3o 387 mil indiv\u00edduos, sendo 87,5% negras.<\/p>\n<p>No 4\u00ba trimestre de 2024, 355 mil pessoas n\u00e3o possu\u00edam carteira assinada, al\u00e9m de que, neste recorte, foi registrado que as mulheres receberam um rendimento de R$ 763,96, em m\u00e9dia, e os homens R$ 1.354,08, em m\u00e9dia. Logo, as dom\u00e9sticas receberam 43,5% menos rendimentos que os homens, exercendo a mesma fun\u00e7\u00e3o.<\/p>\n<p>A programa\u00e7\u00e3o do evento ter\u00e1 palestra que aborda temas como o v\u00ednculo de emprego e o recebimento do Bolsa Fam\u00edlia ou outros benef\u00edcios sociais, com a Ju\u00edza do Trabalho, Dilza Maciel, al\u00e9m de ass\u00e9dio moral e sexual no ambiente de trabalho dom\u00e9stico; PEC das Dom\u00e9sticas, entre outros assuntos de interesse da categoria. Confira a programa\u00e7\u00e3o completa no final da mat\u00e9ria.<\/p>\n<p>Somado a isso, alguns servi\u00e7os como a emiss\u00e3o de RG, orienta\u00e7\u00e3o previdenci\u00e1ria e c\u00e1lculo trabalhista ser\u00e3o ofertados, al\u00e9m de que os trabalhadores ter\u00e3o a oportunidade de receber uma sess\u00e3o de terapia pelo coletivo de massoterapeutas com defici\u00eancia visual \u2018Massagem \u00e0s Cegas\u2019.<\/p>\n<div id=\"dmh-h-par2\" class=\"jba\" data-google-query-id=\"CMWcwoKz8YwDFUyDYQYdWbocsQ\">\n<div id=\"google_ads_iframe_\/21715141650,22666819895\/atarde.com.br_4__container__\"><\/div>\n<\/div>\n","protected":false},"excerpt":{"rendered":"<p>A 14\u00aa Semana de Valoriza\u00e7\u00e3o do Trabalho Dom\u00e9stico \u00e9 realizada pela\u00a0Secretaria do Trabalho, Emprego, Renda e Esporte (Setre), por meio da\u00a0Agenda Bahia do Trabalho Decente (ABTD) entre esta sexta-feira, 25, e 27. O evento traz importantes discuss\u00f5es como a rela\u00e7\u00e3o entre o v\u00ednculo de emprego com o recebimento do Bolsa Fam\u00edlia, al\u00e9m de outros servi\u00e7os [&hellip;]<\/p>\n","protected":false},"author":1,"featured_media":12644,"comment_status":"open","ping_status":"closed","sticky":false,"template":"","format":"standard","meta":{"jnews-multi-image_gallery":[],"jnews_single_post":[],"jnews_primary_category":[],"footnotes":""},"categories":[155],"tags":[],"class_list":["post-12642","post","type-post","status-publish","format-standard","has-post-thumbnail","hentry","category-evento"],"_links":{"self":[{"href":"https:\/\/cidadebaixaonline.com.br\/index.php\/wp-json\/wp\/v2\/posts\/12642","targetHints":{"allow":["GET"]}}],"collection":[{"href":"https:\/\/cidadebaixaonline.com.br\/index.php\/wp-json\/wp\/v2\/posts"}],"about":[{"href":"https:\/\/cidadebaixaonline.com.br\/index.php\/wp-json\/wp\/v2\/types\/post"}],"author":[{"embeddable":true,"href":"https:\/\/cidadebaixaonline.com.br\/index.php\/wp-json\/wp\/v2\/users\/1"}],"replies":[{"embeddable":true,"href":"https:\/\/cidadebaixaonline.com.br\/index.php\/wp-json\/wp\/v2\/comments?post=12642"}],"version-history":[{"count":1,"href":"https:\/\/cidadebaixaonline.com.br\/index.php\/wp-json\/wp\/v2\/posts\/12642\/revisions"}],"predecessor-version":[{"id":12643,"href":"https:\/\/cidadebaixaonline.com.br\/index.php\/wp-json\/wp\/v2\/posts\/12642\/revisions\/12643"}],"wp:featuredmedia":[{"embeddable":true,"href":"https:\/\/cidadebaixaonline.com.br\/index.php\/wp-json\/wp\/v2\/media\/12644"}],"wp:attachment":[{"href":"https:\/\/cidadebaixaonline.com.br\/index.php\/wp-json\/wp\/v2\/media?parent=12642"}],"wp:term":[{"taxonomy":"category","embeddable":true,"href":"https:\/\/cidadebaixaonline.com.br\/index.php\/wp-json\/wp\/v2\/categories?post=12642"},{"taxonomy":"post_tag","embeddable":true,"href":"https:\/\/cidadebaixaonline.com.br\/index.php\/wp-json\/wp\/v2\/tags?post=12642"}],"curies":[{"name":"wp","href":"https:\/\/api.w.org\/{rel}","templated":true}]}}