{"id":12639,"date":"2025-04-24T15:45:37","date_gmt":"2025-04-24T18:45:37","guid":{"rendered":"https:\/\/cidadebaixaonline.com.br\/?p=12639"},"modified":"2025-04-24T15:45:37","modified_gmt":"2025-04-24T18:45:37","slug":"tarifa-zero-no-elevador-lacerda-e-rejeitada-pela-ccj-da-camara-de-salvador","status":"publish","type":"post","link":"https:\/\/cidadebaixaonline.com.br\/index.php\/2025\/04\/24\/tarifa-zero-no-elevador-lacerda-e-rejeitada-pela-ccj-da-camara-de-salvador\/","title":{"rendered":"Tarifa zero no Elevador Lacerda \u00e9 rejeitada pela CCJ da C\u00e2mara de Salvador"},"content":{"rendered":"<p class=\"\" data-start=\"117\" data-end=\"449\">O Projeto de Lei que institu\u00eda a tarifa zero para o Elevador Lacerda, em Salvador, foi rejeitado pela Comiss\u00e3o de Constitui\u00e7\u00e3o e Justi\u00e7a (CCJ) da C\u00e2mara Municipal de Salvador (CMS). A decis\u00e3o foi publicada nesta quarta-feira (23), no Di\u00e1rio Oficial Legislativo (DOL). A proposta foi apresentada pelo vereador H\u00e9lio Ferreira (PCdoB).<\/p>\n<p class=\"\" data-start=\"451\" data-end=\"825\">De acordo com o relator do projeto na CCJ, vereador J\u00falio Santos (Republicanos), a tarifa zero impactaria as finan\u00e7as do munic\u00edpio. Ele citou o artigo 113 do Regimento Interno: \u201cA proposi\u00e7\u00e3o legislativa que crie ou altere despesas obrigat\u00f3rias ou ren\u00fancia de receita dever\u00e1 ser acompanhada da estimativa do seu impacto or\u00e7ament\u00e1rio e financeiro\u201d, afirma o trecho mencionado.<\/p>\n<p class=\"\" data-start=\"827\" data-end=\"1022\">O relator tamb\u00e9m destacou que a medida implicaria em redu\u00e7\u00e3o da arrecada\u00e7\u00e3o municipal: \u201cN\u00e3o compete a este Legislativo municipal, vez que acarreta diminui\u00e7\u00e3o de receita do munic\u00edpio de Salvador\u201d.<\/p>\n<p class=\"\" data-start=\"1024\" data-end=\"1336\">Por outro lado, o autor da proposta defendeu que a cobran\u00e7a da tarifa do Elevador Lacerda sobrecarrega os trabalhadores que precisam utilizar o servi\u00e7o diariamente. \u201cA tarifa sobrecarrega os custos mensais do trabalhador, que j\u00e1 paga caro pelo modal de transporte tradicional\u201d, argumentou em trecho do documento.<\/p>\n<p class=\"\" data-start=\"1338\" data-end=\"1623\">Logo ap\u00f3s a reinaugura\u00e7\u00e3o do equipamento, a Prefeitura anunciou o reajuste da tarifa, que passou de R$ 0,15 para R$ 1. No entanto, o novo valor \u00e9 v\u00e1lido apenas para turistas. J\u00e1 os usu\u00e1rios frequentes poder\u00e3o utilizar o equipamento gratuitamente mediante apresenta\u00e7\u00e3o do Salvador Card.<\/p>\n","protected":false},"excerpt":{"rendered":"<p>O Projeto de Lei que institu\u00eda a tarifa zero para o Elevador Lacerda, em Salvador, foi rejeitado pela Comiss\u00e3o de Constitui\u00e7\u00e3o e Justi\u00e7a (CCJ) da C\u00e2mara Municipal de Salvador (CMS). A decis\u00e3o foi publicada nesta quarta-feira (23), no Di\u00e1rio Oficial Legislativo (DOL). A proposta foi apresentada pelo vereador H\u00e9lio Ferreira (PCdoB). De acordo com o [&hellip;]<\/p>\n","protected":false},"author":1,"featured_media":12641,"comment_status":"open","ping_status":"closed","sticky":false,"template":"","format":"standard","meta":{"jnews-multi-image_gallery":[],"jnews_single_post":[],"jnews_primary_category":[],"footnotes":""},"categories":[154],"tags":[],"class_list":["post-12639","post","type-post","status-publish","format-standard","has-post-thumbnail","hentry","category-elevador-lacerda"],"_links":{"self":[{"href":"https:\/\/cidadebaixaonline.com.br\/index.php\/wp-json\/wp\/v2\/posts\/12639","targetHints":{"allow":["GET"]}}],"collection":[{"href":"https:\/\/cidadebaixaonline.com.br\/index.php\/wp-json\/wp\/v2\/posts"}],"about":[{"href":"https:\/\/cidadebaixaonline.com.br\/index.php\/wp-json\/wp\/v2\/types\/post"}],"author":[{"embeddable":true,"href":"https:\/\/cidadebaixaonline.com.br\/index.php\/wp-json\/wp\/v2\/users\/1"}],"replies":[{"embeddable":true,"href":"https:\/\/cidadebaixaonline.com.br\/index.php\/wp-json\/wp\/v2\/comments?post=12639"}],"version-history":[{"count":1,"href":"https:\/\/cidadebaixaonline.com.br\/index.php\/wp-json\/wp\/v2\/posts\/12639\/revisions"}],"predecessor-version":[{"id":12640,"href":"https:\/\/cidadebaixaonline.com.br\/index.php\/wp-json\/wp\/v2\/posts\/12639\/revisions\/12640"}],"wp:featuredmedia":[{"embeddable":true,"href":"https:\/\/cidadebaixaonline.com.br\/index.php\/wp-json\/wp\/v2\/media\/12641"}],"wp:attachment":[{"href":"https:\/\/cidadebaixaonline.com.br\/index.php\/wp-json\/wp\/v2\/media?parent=12639"}],"wp:term":[{"taxonomy":"category","embeddable":true,"href":"https:\/\/cidadebaixaonline.com.br\/index.php\/wp-json\/wp\/v2\/categories?post=12639"},{"taxonomy":"post_tag","embeddable":true,"href":"https:\/\/cidadebaixaonline.com.br\/index.php\/wp-json\/wp\/v2\/tags?post=12639"}],"curies":[{"name":"wp","href":"https:\/\/api.w.org\/{rel}","templated":true}]}}