{"id":12627,"date":"2025-04-23T17:25:52","date_gmt":"2025-04-23T20:25:52","guid":{"rendered":"https:\/\/cidadebaixaonline.com.br\/?p=12627"},"modified":"2025-04-23T17:25:52","modified_gmt":"2025-04-23T20:25:52","slug":"dia-do-livro-bahia-tera-37-festas-literarias-ate-julho","status":"publish","type":"post","link":"https:\/\/cidadebaixaonline.com.br\/index.php\/2025\/04\/23\/dia-do-livro-bahia-tera-37-festas-literarias-ate-julho\/","title":{"rendered":"Dia do Livro: Bahia ter\u00e1 37 festas liter\u00e1rias at\u00e9 julho"},"content":{"rendered":"<p>No\u00a0Dia Mundial do Livro, celebrado nesta quarta-feira. 23, a secretarias de Cultura (SecultBA) e da Educa\u00e7\u00e3o (SEC) anunciaram a programa\u00e7\u00e3o de 37 festas liter\u00e1rias at\u00e9 o m\u00eas de julho. Ao todo, a Bahia ter\u00e1 81 eventos do tipo at\u00e9 o primeiro semestre de 2026, com investimento de R$ 24,3 milh\u00f5es, segundo o Governo do Estado.<\/p>\n<p>A iniciativa contempla os 27 territ\u00f3rios de identidade da Bahia. \u201cTeremos agenda intensa de festas e feiras liter\u00e1rias. A SecultBA, por meio da FPC, e em parceria com a Secretaria da Educa\u00e7\u00e3o, \u00e9 respons\u00e1vel por apoiar, financiar e estimular essas iniciativas. Esse apoio inclui a\u00e7\u00f5es como a comercializa\u00e7\u00e3o de livros, programa\u00e7\u00e3o cultural, lan\u00e7amentos e apresenta\u00e7\u00f5es liter\u00e1rias. Estamos fazendo um investimento hist\u00f3rico, o maior investimento do Brasil nesse setor\u201d, afirma o Governador da Bahia, Jer\u00f4nimo Rodrigues.<\/p>\n<p>As primeiras feiras acontecem nesta semana, com eventos confirmados em Malhada de Pedras (23 a 26 de abril) e Barreiras (24 a 25 de abril). Nos pr\u00f3ximos quatro meses, est\u00e3o previstas feiras liter\u00e1rias em diversas cidades do estado, como Ilh\u00e9us, Serrinha, Mucug\u00ea, Itapetinga, Irec\u00ea e outras, contemplando os diferentes territ\u00f3rios de identidade da Bahia.<\/p>\n<div id=\"dmh-h-par1\" class=\"jba filled\" data-google-query-id=\"CO2Kgdb97owDFbpXuAQdoAk1WQ\">\n<p>\u201cFortalecemos a territorializa\u00e7\u00e3o das feiras liter\u00e1rias quando contemplamos no edital eventos consagrados e tamb\u00e9m iniciativas liter\u00e1rias locais. Impulsionar o acesso aos livros e formar novos leitores \u00e9 uma prioridade. Os eventos liter\u00e1rios t\u00eam capacidade de mobilizar os agentes culturais de todos os territ\u00f3rios, al\u00e9m de gerar possibilidades de aquecimento \u00e0 economia criativa\u201d, comenta o secret\u00e1rio estadual de Cultura da Bahia, Bruno Monteiro.<\/p>\n<p>O Edital de Festas, Feiras e Festivais Liter\u00e1rios faz parte do Programa Bahia Liter\u00e1ria.\u00a0Para a secret\u00e1ria de Educa\u00e7\u00e3o do Estado da Bahia, Rowenna Brito, as feiras liter\u00e1rias s\u00e3o espa\u00e7os de aprendizagem, troca de saberes e fortalecimento da identidade.<\/p>\n<p>&#8220;Cada feira \u00e9 uma oportunidade de ampliar o repert\u00f3rio dos nossos estudantes, de despertar talentos e criar v\u00ednculos com o conhecimento de forma l\u00fadica e afetiva. As feiras tamb\u00e9m abrem espa\u00e7o para nossos estudantes e professores autores mostrarem seus trabalhos e se aproximarem do p\u00fablico&#8221;, afirma a secret\u00e1ria.<\/p>\n<\/div>\n","protected":false},"excerpt":{"rendered":"<p>No\u00a0Dia Mundial do Livro, celebrado nesta quarta-feira. 23, a secretarias de Cultura (SecultBA) e da Educa\u00e7\u00e3o (SEC) anunciaram a programa\u00e7\u00e3o de 37 festas liter\u00e1rias at\u00e9 o m\u00eas de julho. Ao todo, a Bahia ter\u00e1 81 eventos do tipo at\u00e9 o primeiro semestre de 2026, com investimento de R$ 24,3 milh\u00f5es, segundo o Governo do Estado. [&hellip;]<\/p>\n","protected":false},"author":1,"featured_media":12629,"comment_status":"open","ping_status":"closed","sticky":false,"template":"","format":"standard","meta":{"jnews-multi-image_gallery":[],"jnews_single_post":[],"jnews_primary_category":[],"footnotes":""},"categories":[96],"tags":[],"class_list":["post-12627","post","type-post","status-publish","format-standard","has-post-thumbnail","hentry","category-cultura"],"_links":{"self":[{"href":"https:\/\/cidadebaixaonline.com.br\/index.php\/wp-json\/wp\/v2\/posts\/12627","targetHints":{"allow":["GET"]}}],"collection":[{"href":"https:\/\/cidadebaixaonline.com.br\/index.php\/wp-json\/wp\/v2\/posts"}],"about":[{"href":"https:\/\/cidadebaixaonline.com.br\/index.php\/wp-json\/wp\/v2\/types\/post"}],"author":[{"embeddable":true,"href":"https:\/\/cidadebaixaonline.com.br\/index.php\/wp-json\/wp\/v2\/users\/1"}],"replies":[{"embeddable":true,"href":"https:\/\/cidadebaixaonline.com.br\/index.php\/wp-json\/wp\/v2\/comments?post=12627"}],"version-history":[{"count":1,"href":"https:\/\/cidadebaixaonline.com.br\/index.php\/wp-json\/wp\/v2\/posts\/12627\/revisions"}],"predecessor-version":[{"id":12628,"href":"https:\/\/cidadebaixaonline.com.br\/index.php\/wp-json\/wp\/v2\/posts\/12627\/revisions\/12628"}],"wp:featuredmedia":[{"embeddable":true,"href":"https:\/\/cidadebaixaonline.com.br\/index.php\/wp-json\/wp\/v2\/media\/12629"}],"wp:attachment":[{"href":"https:\/\/cidadebaixaonline.com.br\/index.php\/wp-json\/wp\/v2\/media?parent=12627"}],"wp:term":[{"taxonomy":"category","embeddable":true,"href":"https:\/\/cidadebaixaonline.com.br\/index.php\/wp-json\/wp\/v2\/categories?post=12627"},{"taxonomy":"post_tag","embeddable":true,"href":"https:\/\/cidadebaixaonline.com.br\/index.php\/wp-json\/wp\/v2\/tags?post=12627"}],"curies":[{"name":"wp","href":"https:\/\/api.w.org\/{rel}","templated":true}]}}