{"id":12624,"date":"2025-04-23T17:12:17","date_gmt":"2025-04-23T20:12:17","guid":{"rendered":"https:\/\/cidadebaixaonline.com.br\/?p=12624"},"modified":"2025-04-23T17:12:17","modified_gmt":"2025-04-23T20:12:17","slug":"plano-inclinado-liberdade-calcada-retoma-funcionamento-nesta-quarta","status":"publish","type":"post","link":"https:\/\/cidadebaixaonline.com.br\/index.php\/2025\/04\/23\/plano-inclinado-liberdade-calcada-retoma-funcionamento-nesta-quarta\/","title":{"rendered":"Plano Inclinado Liberdade-Cal\u00e7ada retoma funcionamento nesta quarta"},"content":{"rendered":"<p>Ap\u00f3s a conclus\u00e3o da manuten\u00e7\u00e3o emergencial, a Secretaria de Mobilidade (Semob) informou que o\u00a0Plano Inclinado Liberdade-Cal\u00e7ada\u00a0retomou seu funcionamento nesta quarta-feira, 23.<\/p>\n<p>O equipamento teve o atendimento temporariamente suspenso na \u00faltima ter\u00e7a-feira, 22, devido a um problema t\u00e9cnico no cabo de manobra de um dos bondes, que impedia o funcionamento adequado das portas. A equipe de manuten\u00e7\u00e3o foi imediatamente acionada e realizou os reparos necess\u00e1rios com celeridade.<\/p>\n<p>Durante a interrup\u00e7\u00e3o, os usu\u00e1rios contaram com linhas de \u00f4nibus que operam entre as regi\u00f5es da Liberdade e da Cal\u00e7ada como alternativa de transporte.<\/p>\n<p>Com o servi\u00e7o restabelecido, o plano inclinado volta a operar em seu hor\u00e1rio habitual: de segunda a sexta-feira, das 6h15 \u00e0s 18h15, e aos s\u00e1bados, das 7h \u00e0s 13h.<\/p>\n","protected":false},"excerpt":{"rendered":"<p>Ap\u00f3s a conclus\u00e3o da manuten\u00e7\u00e3o emergencial, a Secretaria de Mobilidade (Semob) informou que o\u00a0Plano Inclinado Liberdade-Cal\u00e7ada\u00a0retomou seu funcionamento nesta quarta-feira, 23. O equipamento teve o atendimento temporariamente suspenso na \u00faltima ter\u00e7a-feira, 22, devido a um problema t\u00e9cnico no cabo de manobra de um dos bondes, que impedia o funcionamento adequado das portas. A equipe de [&hellip;]<\/p>\n","protected":false},"author":1,"featured_media":12626,"comment_status":"open","ping_status":"closed","sticky":false,"template":"","format":"standard","meta":{"jnews-multi-image_gallery":[],"jnews_single_post":[],"jnews_primary_category":[],"footnotes":""},"categories":[151],"tags":[],"class_list":["post-12624","post","type-post","status-publish","format-standard","has-post-thumbnail","hentry","category-plano-inclinado"],"_links":{"self":[{"href":"https:\/\/cidadebaixaonline.com.br\/index.php\/wp-json\/wp\/v2\/posts\/12624","targetHints":{"allow":["GET"]}}],"collection":[{"href":"https:\/\/cidadebaixaonline.com.br\/index.php\/wp-json\/wp\/v2\/posts"}],"about":[{"href":"https:\/\/cidadebaixaonline.com.br\/index.php\/wp-json\/wp\/v2\/types\/post"}],"author":[{"embeddable":true,"href":"https:\/\/cidadebaixaonline.com.br\/index.php\/wp-json\/wp\/v2\/users\/1"}],"replies":[{"embeddable":true,"href":"https:\/\/cidadebaixaonline.com.br\/index.php\/wp-json\/wp\/v2\/comments?post=12624"}],"version-history":[{"count":1,"href":"https:\/\/cidadebaixaonline.com.br\/index.php\/wp-json\/wp\/v2\/posts\/12624\/revisions"}],"predecessor-version":[{"id":12625,"href":"https:\/\/cidadebaixaonline.com.br\/index.php\/wp-json\/wp\/v2\/posts\/12624\/revisions\/12625"}],"wp:featuredmedia":[{"embeddable":true,"href":"https:\/\/cidadebaixaonline.com.br\/index.php\/wp-json\/wp\/v2\/media\/12626"}],"wp:attachment":[{"href":"https:\/\/cidadebaixaonline.com.br\/index.php\/wp-json\/wp\/v2\/media?parent=12624"}],"wp:term":[{"taxonomy":"category","embeddable":true,"href":"https:\/\/cidadebaixaonline.com.br\/index.php\/wp-json\/wp\/v2\/categories?post=12624"},{"taxonomy":"post_tag","embeddable":true,"href":"https:\/\/cidadebaixaonline.com.br\/index.php\/wp-json\/wp\/v2\/tags?post=12624"}],"curies":[{"name":"wp","href":"https:\/\/api.w.org\/{rel}","templated":true}]}}