{"id":12621,"date":"2025-04-23T16:58:54","date_gmt":"2025-04-23T19:58:54","guid":{"rendered":"https:\/\/cidadebaixaonline.com.br\/?p=12621"},"modified":"2025-04-23T16:58:55","modified_gmt":"2025-04-23T19:58:55","slug":"capital-permanece-sob-alerta-para-risco-de-alagamentos-e-deslizamentos-veja-previsao","status":"publish","type":"post","link":"https:\/\/cidadebaixaonline.com.br\/index.php\/2025\/04\/23\/capital-permanece-sob-alerta-para-risco-de-alagamentos-e-deslizamentos-veja-previsao\/","title":{"rendered":"Capital permanece sob alerta para risco de alagamentos e deslizamentos; veja previs\u00e3o"},"content":{"rendered":"<p>Salvador permanece nesta quarta-feira (23) sob alerta laranja de chuva, que indica risco de alagamentos, deslizamentos e transbordamentos.<\/p>\n<p>Segundo o Inmet (Instituto Nacional de Meteorologia), a expectativa \u00e9 que o n\u00edvel de precipita\u00e7\u00e3o na capital chegue a 60 mm ao longo do dia.<\/p>\n<p>O tempo chuvoso \u00e9 causado por uma frente fria sobre o oceano Atl\u00e2ntico. A temperatura deve variar entre 25\u00baC (m\u00ednima) e 29C\u00ba (m\u00e1xima)<\/p>\n<p>Nas \u00faltimas 24 horas, os bairros que registraram maior volume de chuva foram Cassange (44.2 mm) Palestina (33.4 mm) e S\u00e3o Crist\u00f3v\u00e3o (30.8 mm), aponta o balan\u00e7o mais recente divulgado pelo Cemadec (Centro de Monitoramento de Alerta e Alarme), vinculado \u00e0 Codesal (Defesa Civil de Salvador).<\/p>\n<p>A previs\u00e3o \u00e9 que at\u00e9 a quinta-feira (24) o c\u00e9u fique nublado, com possibilidade de chuvas fortes e moderadas. A partir de sexta (25), o tempo fica mais aberto. J\u00e1 o s\u00e1bado (26) e domingo (27) ser\u00e1 de c\u00e9u claro e parcialmente nublado.<\/p>\n<p>Nos pr\u00f3ximos quatro dias, os term\u00f4metros v\u00e3o variar entre 25\u00baC (m\u00ednima) e 31\u00baC (m\u00e1xima).<\/p>\n<p><strong>Veja abaixo onde mais choveu nas \u00faltimas 24 horas:<\/strong><\/p>\n<p>Praia do Flamengo \u2013 28 mm<br \/>\nMussurunga \u2013 27.4 mm<br \/>\nBarro Duro \u2013 23.8 mm<br \/>\nPitua\u00e7u \u2013 22.2 mm<br \/>\nMata Escura \u2013 20.4 mm<br \/>\nVal\u00e9ria \u2013 19.8 mm<\/p>\n","protected":false},"excerpt":{"rendered":"<p>Salvador permanece nesta quarta-feira (23) sob alerta laranja de chuva, que indica risco de alagamentos, deslizamentos e transbordamentos. Segundo o Inmet (Instituto Nacional de Meteorologia), a expectativa \u00e9 que o n\u00edvel de precipita\u00e7\u00e3o na capital chegue a 60 mm ao longo do dia. O tempo chuvoso \u00e9 causado por uma frente fria sobre o oceano [&hellip;]<\/p>\n","protected":false},"author":1,"featured_media":12623,"comment_status":"open","ping_status":"closed","sticky":false,"template":"","format":"standard","meta":{"jnews-multi-image_gallery":[],"jnews_single_post":[],"jnews_primary_category":[],"footnotes":""},"categories":[150],"tags":[],"class_list":["post-12621","post","type-post","status-publish","format-standard","has-post-thumbnail","hentry","category-chuva"],"_links":{"self":[{"href":"https:\/\/cidadebaixaonline.com.br\/index.php\/wp-json\/wp\/v2\/posts\/12621","targetHints":{"allow":["GET"]}}],"collection":[{"href":"https:\/\/cidadebaixaonline.com.br\/index.php\/wp-json\/wp\/v2\/posts"}],"about":[{"href":"https:\/\/cidadebaixaonline.com.br\/index.php\/wp-json\/wp\/v2\/types\/post"}],"author":[{"embeddable":true,"href":"https:\/\/cidadebaixaonline.com.br\/index.php\/wp-json\/wp\/v2\/users\/1"}],"replies":[{"embeddable":true,"href":"https:\/\/cidadebaixaonline.com.br\/index.php\/wp-json\/wp\/v2\/comments?post=12621"}],"version-history":[{"count":1,"href":"https:\/\/cidadebaixaonline.com.br\/index.php\/wp-json\/wp\/v2\/posts\/12621\/revisions"}],"predecessor-version":[{"id":12622,"href":"https:\/\/cidadebaixaonline.com.br\/index.php\/wp-json\/wp\/v2\/posts\/12621\/revisions\/12622"}],"wp:featuredmedia":[{"embeddable":true,"href":"https:\/\/cidadebaixaonline.com.br\/index.php\/wp-json\/wp\/v2\/media\/12623"}],"wp:attachment":[{"href":"https:\/\/cidadebaixaonline.com.br\/index.php\/wp-json\/wp\/v2\/media?parent=12621"}],"wp:term":[{"taxonomy":"category","embeddable":true,"href":"https:\/\/cidadebaixaonline.com.br\/index.php\/wp-json\/wp\/v2\/categories?post=12621"},{"taxonomy":"post_tag","embeddable":true,"href":"https:\/\/cidadebaixaonline.com.br\/index.php\/wp-json\/wp\/v2\/tags?post=12621"}],"curies":[{"name":"wp","href":"https:\/\/api.w.org\/{rel}","templated":true}]}}