{"id":12618,"date":"2025-04-23T16:52:15","date_gmt":"2025-04-23T19:52:15","guid":{"rendered":"https:\/\/cidadebaixaonline.com.br\/?p=12618"},"modified":"2025-04-23T16:52:16","modified_gmt":"2025-04-23T19:52:16","slug":"salvador-alcanca-marca-historia-de-abertura-de-empresas-em-2025","status":"publish","type":"post","link":"https:\/\/cidadebaixaonline.com.br\/index.php\/2025\/04\/23\/salvador-alcanca-marca-historia-de-abertura-de-empresas-em-2025\/","title":{"rendered":"Salvador alcan\u00e7a marca hist\u00f3ria de abertura de empresas em 2025"},"content":{"rendered":"<p>Salvador atingiu o melhor patamar da hist\u00f3ria na abertura de novas empresas em 2025. Nos primeiros dois meses do ano, a capital baiana registrou a abertura de 12.173 empresas nos meses de janeiro e fevereiro, de acordo com um levantamento da Secretaria Municipal da Fazenda (Sefaz), com base em dados do Cadastro Nacional da Pessoa Jur\u00eddica (CNPJ).<\/p>\n<p>Os n\u00fameros representam um aumento de 38% na abertura de neg\u00f3cios em rela\u00e7\u00e3o ao primeiro bimestre do ano anterior. Al\u00e9m disso, em 2025 foi registrado o fechamento de 5.748 empresas, o que representa uma queda de 4% em compara\u00e7\u00e3o com 2024.<\/p>\n<p>O estudo revelou, ainda, que Salvador possui mais de 292 mil empresas ativas atualmente. Os principais tipos de CNAEs (Classifica\u00e7\u00e3o Nacional das Atividades Econ\u00f4micas) das empresas que atuam na capital baiana s\u00e3o cabeleireiros, manicure e pedicure; com\u00e9rcio varejista de artigos do vestu\u00e1rio e acess\u00f3rios; promo\u00e7\u00e3o de vendas; prepara\u00e7\u00e3o de documentos e servi\u00e7os especializados de apoio administrativo; fornecimento de alimentos preparados preponderantemente para consumo domiciliar al\u00e9m de restaurantes e similares.<\/p>\n","protected":false},"excerpt":{"rendered":"<p>Salvador atingiu o melhor patamar da hist\u00f3ria na abertura de novas empresas em 2025. Nos primeiros dois meses do ano, a capital baiana registrou a abertura de 12.173 empresas nos meses de janeiro e fevereiro, de acordo com um levantamento da Secretaria Municipal da Fazenda (Sefaz), com base em dados do Cadastro Nacional da Pessoa [&hellip;]<\/p>\n","protected":false},"author":1,"featured_media":12620,"comment_status":"open","ping_status":"closed","sticky":false,"template":"","format":"standard","meta":{"jnews-multi-image_gallery":[],"jnews_single_post":[],"jnews_primary_category":[],"footnotes":""},"categories":[85],"tags":[],"class_list":["post-12618","post","type-post","status-publish","format-standard","has-post-thumbnail","hentry","category-noticias"],"_links":{"self":[{"href":"https:\/\/cidadebaixaonline.com.br\/index.php\/wp-json\/wp\/v2\/posts\/12618","targetHints":{"allow":["GET"]}}],"collection":[{"href":"https:\/\/cidadebaixaonline.com.br\/index.php\/wp-json\/wp\/v2\/posts"}],"about":[{"href":"https:\/\/cidadebaixaonline.com.br\/index.php\/wp-json\/wp\/v2\/types\/post"}],"author":[{"embeddable":true,"href":"https:\/\/cidadebaixaonline.com.br\/index.php\/wp-json\/wp\/v2\/users\/1"}],"replies":[{"embeddable":true,"href":"https:\/\/cidadebaixaonline.com.br\/index.php\/wp-json\/wp\/v2\/comments?post=12618"}],"version-history":[{"count":1,"href":"https:\/\/cidadebaixaonline.com.br\/index.php\/wp-json\/wp\/v2\/posts\/12618\/revisions"}],"predecessor-version":[{"id":12619,"href":"https:\/\/cidadebaixaonline.com.br\/index.php\/wp-json\/wp\/v2\/posts\/12618\/revisions\/12619"}],"wp:featuredmedia":[{"embeddable":true,"href":"https:\/\/cidadebaixaonline.com.br\/index.php\/wp-json\/wp\/v2\/media\/12620"}],"wp:attachment":[{"href":"https:\/\/cidadebaixaonline.com.br\/index.php\/wp-json\/wp\/v2\/media?parent=12618"}],"wp:term":[{"taxonomy":"category","embeddable":true,"href":"https:\/\/cidadebaixaonline.com.br\/index.php\/wp-json\/wp\/v2\/categories?post=12618"},{"taxonomy":"post_tag","embeddable":true,"href":"https:\/\/cidadebaixaonline.com.br\/index.php\/wp-json\/wp\/v2\/tags?post=12618"}],"curies":[{"name":"wp","href":"https:\/\/api.w.org\/{rel}","templated":true}]}}