{"id":12612,"date":"2025-04-22T16:43:45","date_gmt":"2025-04-22T19:43:45","guid":{"rendered":"https:\/\/cidadebaixaonline.com.br\/?p=12612"},"modified":"2025-04-22T16:43:46","modified_gmt":"2025-04-22T19:43:46","slug":"plano-inclinado-liberdade-calcada-suspende-operacoes-nesta-terca","status":"publish","type":"post","link":"https:\/\/cidadebaixaonline.com.br\/index.php\/2025\/04\/22\/plano-inclinado-liberdade-calcada-suspende-operacoes-nesta-terca\/","title":{"rendered":"Plano Inclinado Liberdade-Cal\u00e7ada suspende opera\u00e7\u00f5es nesta ter\u00e7a"},"content":{"rendered":"<p>O\u00a0Plano Inclinado Liberdade-Cal\u00e7ada\u00a0ter\u00e1 seus servi\u00e7os suspensos nesta ter\u00e7a-feira, 22, para uma manuten\u00e7\u00e3o emergencial no cabo de manobra de um dos bondes. De acordo com a Secretaria de Mobilidade de Salvador (Semob), o problema impede a apertura e fechamento da porta do equipamento.<\/p>\n<p>Como alternativa, os usu\u00e1rios do equipamento poder\u00e3o utilizar as linhas de \u00f4nibus que atendem as duas regi\u00f5es.<\/p>\n<p>A equipe de manuten\u00e7\u00e3o j\u00e1 foi acionada para fazer os reparos necess\u00e1rios e a previs\u00e3o \u00e9 que o equipamento volte a operar nesta quarta-feira, 23.<\/p>\n<p>&nbsp;<\/p>\n","protected":false},"excerpt":{"rendered":"<p>O\u00a0Plano Inclinado Liberdade-Cal\u00e7ada\u00a0ter\u00e1 seus servi\u00e7os suspensos nesta ter\u00e7a-feira, 22, para uma manuten\u00e7\u00e3o emergencial no cabo de manobra de um dos bondes. De acordo com a Secretaria de Mobilidade de Salvador (Semob), o problema impede a apertura e fechamento da porta do equipamento. Como alternativa, os usu\u00e1rios do equipamento poder\u00e3o utilizar as linhas de \u00f4nibus que [&hellip;]<\/p>\n","protected":false},"author":1,"featured_media":12614,"comment_status":"open","ping_status":"closed","sticky":false,"template":"","format":"standard","meta":{"jnews-multi-image_gallery":[],"jnews_single_post":[],"jnews_primary_category":[],"footnotes":""},"categories":[86],"tags":[],"class_list":["post-12612","post","type-post","status-publish","format-standard","has-post-thumbnail","hentry","category-salvador"],"_links":{"self":[{"href":"https:\/\/cidadebaixaonline.com.br\/index.php\/wp-json\/wp\/v2\/posts\/12612","targetHints":{"allow":["GET"]}}],"collection":[{"href":"https:\/\/cidadebaixaonline.com.br\/index.php\/wp-json\/wp\/v2\/posts"}],"about":[{"href":"https:\/\/cidadebaixaonline.com.br\/index.php\/wp-json\/wp\/v2\/types\/post"}],"author":[{"embeddable":true,"href":"https:\/\/cidadebaixaonline.com.br\/index.php\/wp-json\/wp\/v2\/users\/1"}],"replies":[{"embeddable":true,"href":"https:\/\/cidadebaixaonline.com.br\/index.php\/wp-json\/wp\/v2\/comments?post=12612"}],"version-history":[{"count":1,"href":"https:\/\/cidadebaixaonline.com.br\/index.php\/wp-json\/wp\/v2\/posts\/12612\/revisions"}],"predecessor-version":[{"id":12613,"href":"https:\/\/cidadebaixaonline.com.br\/index.php\/wp-json\/wp\/v2\/posts\/12612\/revisions\/12613"}],"wp:featuredmedia":[{"embeddable":true,"href":"https:\/\/cidadebaixaonline.com.br\/index.php\/wp-json\/wp\/v2\/media\/12614"}],"wp:attachment":[{"href":"https:\/\/cidadebaixaonline.com.br\/index.php\/wp-json\/wp\/v2\/media?parent=12612"}],"wp:term":[{"taxonomy":"category","embeddable":true,"href":"https:\/\/cidadebaixaonline.com.br\/index.php\/wp-json\/wp\/v2\/categories?post=12612"},{"taxonomy":"post_tag","embeddable":true,"href":"https:\/\/cidadebaixaonline.com.br\/index.php\/wp-json\/wp\/v2\/tags?post=12612"}],"curies":[{"name":"wp","href":"https:\/\/api.w.org\/{rel}","templated":true}]}}